{"id":4497,"date":"2018-08-31T16:52:04","date_gmt":"2018-08-31T16:52:04","guid":{"rendered":"https:\/\/www.timecamp.com\/pl\/blog\/?p=4497"},"modified":"2026-02-10T12:10:15","modified_gmt":"2026-02-10T12:10:15","slug":"3-problemy-pracy-zdalnej-o-ktorych-rzadko-sie-mowi-w-firmach","status":"publish","type":"post","link":"https:\/\/www.timecamp.com\/pl\/blog\/3-problemy-pracy-zdalnej-o-ktorych-rzadko-sie-mowi-w-firmach\/","title":{"rendered":"3 problemy pracy zdalnej, o kt\u00f3rych rzadko si\u0119 m\u00f3wi w firmach"},"content":{"rendered":"<p>Du\u017co m\u00f3wi si\u0119 o korzy\u015bciach pracy zdalnej. Nie tracisz czasu na stanie w korkach, jad\u0105c do pracy. Mo\u017cesz pozwoli\u0107 sobie na wi\u0119ksz\u0105 elastyczno\u015b\u0107 i mo\u017cliwo\u015b\u0107 efektywniejszego balansu mi\u0119dzy \u017cyciem prywatnym, a zawodowym. Nikt jednak nie wspomina, \u017ce za tymi korzy\u015bciami kryje si\u0119 wielka praca, jak\u0105 trzeba wykona\u0107, aby m\u00f3c zachowa\u0107 produktywno\u015b\u0107. Co prawda m\u00f3wi si\u0119, \u017ce ,,pracownik jest bardziej efektywny wtedy, kiedy pracuje zdalnie ni\u017c b\u0119d\u0105c na miejscu&#8221;, ale poza wielkim wysi\u0142kiem, jaki trzeba w\u0142o\u017cy\u0107 w tak\u0105 prac\u0119, aby zachowa\u0107 satysfakcjonuj\u0105cy poziom efektywno\u015bci, s\u0105 jeszcze inne problemy, kt\u00f3rymi nale\u017cy si\u0119 zaj\u0105\u0107 w celu zachowania ji<em>ng&amp;jang<\/em> w swojej firmie.<\/p>\n<p>&nbsp;<\/p>\n<h2 style=\"text-align: center;\">Problem nr 1: Nie wida\u0107 cz\u0142owieka<\/h2>\n<p>To nie sama <a href=\"https:\/\/www.timecamp.com\/pl\/blog\/2021\/04\/raport-komunikacja-zdalna\/\">zdalna komunikacja<\/a> jest problem. Mamy przecie\u017c narz\u0119dzia do spotka\u0144 online, np. Skype. Do kr\u00f3tkich czat\u00f3w u\u017cywamy komunikator\u00f3w typu Slack. Je\u015bli chcemy rejestrowa\u0107 czas pracy, u\u017cyjemy TimeCampa. Do tego mamy jeszcze maile, chmury i telefony. Jednak, jak twierdz\u0105 specjali\u015bci od komunikacji, to uproszczona forma komunikacji. Zazwyczaj ograniczamy si\u0119 do kilku zda\u0144, nastawiaj\u0105c si\u0119 na wykonywanie zada\u0144. Brakuje tu emocji, kt\u00f3re odr\u00f3\u017cniaj\u0105 nas od maszyn. Mo\u017cesz wsp\u00f3\u0142pracowa\u0107 z kim\u015b nawet kilka lat, codziennie czatuj\u0105c za pomoc\u0105 dost\u0119pnych komunikator\u00f3w, ale dopiero sp\u0119dzaj\u0105c z kim\u015b wi\u0119cej czasu, dziel\u0105c z nim wsp\u00f3ln\u0105 przestrze\u0144, jeste\u015b w stanie naprawd\u0119 go rozpozna\u0107.<\/p>\n<p>Tak w\u0142a\u015bnie dzieje si\u0119 z pracownikiem zdalnym. Je\u015bli jest redukowany do osoby, kt\u00f3ra klika w klawiatur\u0119, by realizowa\u0107 swoje zadania, pr\u0119dzej czy p\u00f3\u017aniej pojawi si\u0119 frustracja.<\/p>\n<p><em>Rozwi\u0105zanie: Socjalizuj si\u0119. Integruj si\u0119. Spotykaj. Baw si\u0119 i pracuj.<\/em><\/p>\n<p><a href=\"https:\/\/www.timecamp.com\/pl\/blog\/wp-content\/uploads\/2018\/08\/czlowiek-widmo-zdalna-praca.png\"><img loading=\"lazy\" decoding=\"async\" class=\"alignnone wp-image-8543 size-full\" src=\"https:\/\/www.timecamp.com\/pl\/blog\/wp-content\/uploads\/2018\/08\/czlowiek-widmo-zdalna-praca.png\" alt=\"\" width=\"759\" height=\"519\" srcset=\"https:\/\/www.timecamp.com\/pl\/blog\/wp-content\/uploads\/2018\/08\/czlowiek-widmo-zdalna-praca.png 759w, https:\/\/www.timecamp.com\/pl\/blog\/wp-content\/uploads\/2018\/08\/czlowiek-widmo-zdalna-praca-300x205.png 300w, https:\/\/www.timecamp.com\/pl\/blog\/wp-content\/uploads\/2018\/08\/czlowiek-widmo-zdalna-praca-585x400.png 585w, https:\/\/www.timecamp.com\/pl\/blog\/wp-content\/uploads\/2018\/08\/czlowiek-widmo-zdalna-praca-360x246.png 360w\" sizes=\"auto, (max-width: 759px) 100vw, 759px\" \/><\/a><\/p>\n<p>&nbsp;<\/p>\n<p>&nbsp;<\/p>\n<h2 style=\"text-align: center;\">Problem nr 2: Nieproduktywno\u015b\u0107<\/h2>\n<p>Praca zdalna wi\u0105\u017ce si\u0119 z mniejsz\u0105 kontrol\u0105. Pracownik zdalny czasem bezwiednie si\u0119 rozprasza, bardziej ni\u017c pracownik, kt\u00f3remu szef patrzy na r\u0119ce. I cho\u0107 nie mam\u00a0 tu na my\u015bli \u017cadnej cenzury Internetu, to jednak nale\u017cy sobie otwarcie zada\u0107 pytania typu \u201eczy sp\u0119dzam sw\u00f3j czas produktywnie?\u201d, \u201eczy przegl\u0105daj\u0105c Internet, rzeczywi\u015bcie robi\u0119 to po to, \u017ceby nauczy\u0107 si\u0119 czego\u015b nowego?\u201d, \u201ejak du\u017co czasu po\u015bwi\u0119cam pracy, kt\u00f3ra przynosi doch\u00f3d dla mnie i dla firmy?\u201d. Na te wszystkie pytania mo\u017cna odpowiedzie\u0107, instaluj\u0105c aplikacj\u0119 rejestruj\u0105c\u0105 aktywno\u015b\u0107 komputera.<\/p>\n<p>Jedn\u0105 z nich jest TimeCamp. Firma przyzna\u0142a, \u017ce ich pracownicy byli ogromnie zaskoczeni, dowiedziawszy si\u0119, ile czasu po\u015bwi\u0119caj\u0105 na rzeczy, kt\u00f3re spowalniaj\u0105 ich prac\u0119. Marnujemy czas, na przyk\u0142ad, na Facebooka lub bezmy\u015blne przegl\u0105danie skrzynki mailowej. Czasem, z kolei, m\u00f3wi si\u0119 o b\u0142\u0119dnie zdefiniowanych przez mened\u017cer\u00f3w zadaniach i koszcie, jaki generuje ich realizacja. Zainstalowanie aplikacji desktopowej TimeCamp pozwoli:<\/p>\n<ul>\n<li>Zdefiniowa\u0107 projekty, nad kt\u00f3rymi pracujemy, a tak\u017ce czas, jaki im po\u015bwi\u0119camy<\/li>\n<li>Zdefiniowa\u0107 procesy, w kt\u00f3re jeste\u015bmy zaanga\u017cowani cyklicznie, i policzy\u0107 koszty godzinowe, jakie generuj\u0105, a tak\u017ce koszty, jakie ponosi firma<\/li>\n<li>Sprawdzi\u0107, czy nie po\u015bwi\u0119camy niekt\u00f3rym zadaniom zbyt wiele uwagi w zestawieniu z efektami, jakie ich realizacja mo\u017ce przynie\u015b\u0107<\/li>\n<\/ul>\n<p><em>Rozwi\u0105zanie: zainstaluj <a href=\"https:\/\/www.timecamp.com\/pl\/\">TimeCamp<\/a> lub inny program do monitorowania aktywno\u015bci<\/em><\/p>\n<p><a href=\"https:\/\/www.timecamp.com\/pl\/blog\/wp-content\/uploads\/2018\/08\/nieproduktywnosc.png\"><img loading=\"lazy\" decoding=\"async\" class=\"alignnone size-full wp-image-8536\" src=\"https:\/\/www.timecamp.com\/pl\/blog\/wp-content\/uploads\/2018\/08\/nieproduktywnosc.png\" alt=\"\" width=\"759\" height=\"519\" srcset=\"https:\/\/www.timecamp.com\/pl\/blog\/wp-content\/uploads\/2018\/08\/nieproduktywnosc.png 759w, https:\/\/www.timecamp.com\/pl\/blog\/wp-content\/uploads\/2018\/08\/nieproduktywnosc-300x205.png 300w, https:\/\/www.timecamp.com\/pl\/blog\/wp-content\/uploads\/2018\/08\/nieproduktywnosc-585x400.png 585w, https:\/\/www.timecamp.com\/pl\/blog\/wp-content\/uploads\/2018\/08\/nieproduktywnosc-360x246.png 360w\" sizes=\"auto, (max-width: 759px) 100vw, 759px\" \/><\/a><\/p>\n<h2 style=\"text-align: center;\">Problem nr 3: Przepracowanie<\/h2>\n<p>I tutaj dochodzimy do kwestii planowania czasu. Pracownik zdalny musi planowa\u0107 prac\u0119 z wi\u0119kszym buforem bezpiecze\u0144stwa. Dlaczego? Poniewa\u017c wykonuj\u0105c swoje s\u0142u\u017cbowe obowi\u0105zki z dala od firmy, np. z domu i \u201ena w\u0142asnych zasadach\u201d, zdalny pracownik podlega rozpraszaj\u0105cemu wp\u0142ywowi swojego najbli\u017cszego otoczenia, przyk\u0142adowo, konieczno\u015bci przygotowania posi\u0142ku dla rodziny czy wyprowadzenia na spacer skoml\u0105cego pod drzwiami psa. Poza tym, nieobecno\u015b\u0107 takiego pracownika w firmie mo\u017ce powodowa\u0107 problemy z\u00a0 komunikacj\u0105 z mened\u017cerem, a co za tym idzie, zwi\u0119ksza si\u0119 liczba w\u0105tpliwo\u015bci dotycz\u0105cych wykonywanych zada\u0144.<\/p>\n<p>Gdy to wszystko po\u0142\u0105czysz z pracownikiem, kt\u00f3ry przez kilka dni widzi ludzi tylko na ekranie swojego monitora, mo\u017ce doj\u015b\u0107 u niego do psychicznego zm\u0119czenia. Jako pracodawca, musisz zdawa\u0107 sobie z tego spraw\u0119.<\/p>\n<p><em>Rozwi\u0105zanie: Pami\u0119taj, \u017ce plan dnia pracownika zdalnego musi by\u0107 \u201edwa razy\u201d lepszy ni\u017c ten, kt\u00f3ry ma pracownik pracuj\u0105cy w biurze.<\/em><\/p>\n<p>&nbsp;<\/p>\n<p><a href=\"https:\/\/www.timecamp.com\/pl\/blog\/wp-content\/uploads\/2019\/07\/Dlaczego-wazne-jest-zatrzymanie-pracownikow-3.png\"><img loading=\"lazy\" decoding=\"async\" class=\"alignnone size-full wp-image-8424\" src=\"https:\/\/www.timecamp.com\/pl\/blog\/wp-content\/uploads\/2019\/07\/Dlaczego-wazne-jest-zatrzymanie-pracownikow-3.png\" alt=\"\" width=\"759\" height=\"519\" srcset=\"https:\/\/www.timecamp.com\/pl\/blog\/wp-content\/uploads\/2019\/07\/Dlaczego-wazne-jest-zatrzymanie-pracownikow-3.png 759w, https:\/\/www.timecamp.com\/pl\/blog\/wp-content\/uploads\/2019\/07\/Dlaczego-wazne-jest-zatrzymanie-pracownikow-3-300x205.png 300w, https:\/\/www.timecamp.com\/pl\/blog\/wp-content\/uploads\/2019\/07\/Dlaczego-wazne-jest-zatrzymanie-pracownikow-3-585x400.png 585w, https:\/\/www.timecamp.com\/pl\/blog\/wp-content\/uploads\/2019\/07\/Dlaczego-wazne-jest-zatrzymanie-pracownikow-3-360x246.png 360w\" sizes=\"auto, (max-width: 759px) 100vw, 759px\" \/><\/a><\/p>\n<p><em>\u00a0<\/em><\/p>\n<p>&nbsp;<\/p>\n<p>Reasumuj\u0105c, praca zdalna mo\u017ce by\u0107 zar\u00f3wno b\u0142ogos\u0142awie\u0144stwem, jak i przekle\u0144stwem dla firmy. Proporcje pomi\u0119dzy korzy\u015bciami a stratami mog\u0105 by\u0107 zmienne w czasie. Tak samo wa\u017cna jest rola planowania pracy przez pracownika\u00a0 zdalnego, jak i jego mened\u017cera, kt\u00f3ry musi zrozumie\u0107, jak istotna jest r\u00f3wnowaga mi\u0119dzy \u017cyciem prywatnym a zawodowym swojego podw\u0142adnego. Tylko przy efektywnej wsp\u00f3\u0142pracy obu stron, firma osi\u0105gnie po\u017c\u0105dane rezultaty.<\/p>\n<p><a href=\"https:\/\/www.timecamp.com\/pl\/blog\/wp-content\/uploads\/2018\/10\/07-blog-1.png\"><img loading=\"lazy\" decoding=\"async\" class=\"alignnone size-full wp-image-8503\" src=\"https:\/\/www.timecamp.com\/pl\/blog\/wp-content\/uploads\/2018\/10\/07-blog-1.png\" alt=\"\" width=\"759\" height=\"689\" srcset=\"https:\/\/www.timecamp.com\/pl\/blog\/wp-content\/uploads\/2018\/10\/07-blog-1.png 759w, https:\/\/www.timecamp.com\/pl\/blog\/wp-content\/uploads\/2018\/10\/07-blog-1-300x272.png 300w, https:\/\/www.timecamp.com\/pl\/blog\/wp-content\/uploads\/2018\/10\/07-blog-1-441x400.png 441w, https:\/\/www.timecamp.com\/pl\/blog\/wp-content\/uploads\/2018\/10\/07-blog-1-271x246.png 271w, https:\/\/www.timecamp.com\/pl\/blog\/wp-content\/uploads\/2018\/10\/07-blog-1-616x559.png 616w\" sizes=\"auto, (max-width: 759px) 100vw, 759px\" \/><\/a><\/p>\n<p class=\"p1\"><section id=\"contact_banner\">\n<div class=\"header\">\n    <span>Mierz rentowno\u015b\u0107 jak najlepsi<\/span><\/p>\n<p>Um\u00f3w prezentacj\u0119, i sprawd\u017c, jak dzia\u0142a TimeCamp skonfigurowany pod struktur\u0119 Twojej firmy, obieg danych oraz system raportowania.<\/p>\n<\/p><\/div>\n<div class=\"content\">\n<div class=\"image\">\n      <img decoding=\"async\" src=\"https:\/\/www.timecamp.com\/blog\/wp-content\/uploads\/2026\/02\/contact-banner-image.png\" alt=\"banner\">\n    <\/div>\n<div class=\"text\">\n      <span>Dlaczego warto si\u0119 z nami spotka\u0107?<\/span><\/p>\n<ul>\n<li>\n          <img decoding=\"async\" src=\"https:\/\/www.timecamp.com\/blog\/wp-content\/uploads\/2026\/02\/checkmark-blue.svg\" alt=\"icon\"><\/p>\n<p>Nasz konsultant oprowadzi ci\u0119 po produkcie i dostosuje ofert\u0119<\/p>\n<\/li>\n<li>\n          <img decoding=\"async\" src=\"https:\/\/www.timecamp.com\/blog\/wp-content\/uploads\/2026\/02\/checkmark-blue.svg\" alt=\"icon\"><\/p>\n<p>Odpowiemy na wszystkie Twoje pytania na \u017cywo<\/p>\n<\/li>\n<li>\n          <img decoding=\"async\" src=\"https:\/\/www.timecamp.com\/blog\/wp-content\/uploads\/2026\/02\/checkmark-blue.svg\" alt=\"icon\"><\/p>\n<p>Dowiesz si\u0119 jak po\u0142\u0105czy\u0107 TimeCamp z narz\u0119dziami, kt\u00f3rych u\u017cywacie<\/p>\n<\/li>\n<\/ul><\/div>\n<\/p><\/div>\n<div class=\"buttons\">\n              <a\n            class=\"btn btn-filled orange\"\n            rel=\"nofollow\"\n            href=\"\"\n            onclick=\"\n              Calendly.initPopupWidget({\n                url: 'https:\/\/calendly.com\/timecamp-nkaleta\/20min?utm_source=web&#038;utm_medium=cta&#038;utm_campaign=widget&#038;utm_content=wdg_demo',\n              });\n              return false;\n            \"\n            >Um\u00f3w demo<\/a\n          >\n  <\/div>\n<div class=\"teams\">\n<div class=\"text-with-line\">\n<div class=\"line\"><\/div>\n<p class=\"text\">Do\u0142\u0105cz do 18,000+ zadowolonych zespo\u0142\u00f3w<\/p>\n<div class=\"line\"><\/div>\n<\/p><\/div>\n<div class=\"icons\">\n      <img decoding=\"async\" src=\"https:\/\/cdn-y.timecamp.com\/img\/components\/banner-contact-us\/icons\/pwc.svg\" alt=\"icon\"><img decoding=\"async\" src=\"https:\/\/cdn-y.timecamp.com\/img\/components\/banner-contact-us\/icons\/similarweb.svg\" alt=\"icon\"><img decoding=\"async\" src=\"https:\/\/cdn-y.timecamp.com\/img\/components\/banner-contact-us\/icons\/accenture.svg\" alt=\"icon\"><img decoding=\"async\" src=\"https:\/\/cdn-y.timecamp.com\/img\/components\/banner-contact-us\/icons\/roche.svg\" alt=\"icon\"><img decoding=\"async\" src=\"https:\/\/cdn-y.timecamp.com\/img\/components\/banner-contact-us\/icons\/havas.svg\" alt=\"icon\"><img decoding=\"async\" src=\"https:\/\/cdn-y.timecamp.com\/img\/components\/banner-contact-us\/icons\/dekra.svg\" alt=\"icon\">\n    <\/div>\n<\/p><\/div>\n<div class=\"image-mobile\">\n      <img decoding=\"async\" src=\"https:\/\/www.timecamp.com\/blog\/wp-content\/uploads\/2026\/02\/contact-banner-image.png\" alt=\"banner\">\n    <\/div>\n<div class=\"testimonial\">\n    <img decoding=\"async\" src=\"https:\/\/www.timecamp.com\/blog\/wp-content\/uploads\/2026\/02\/companies.svg\" alt=\"icon\"><img decoding=\"async\" src=\"https:\/\/www.timecamp.com\/pl\/blog\/wp-content\/uploads\/2026\/02\/reviews.png\" style=\"max-width: 250px !important;\" alt=\"icon\">\n  <\/div>\n<\/section>\n<link href=\"https:\/\/assets.calendly.com\/assets\/external\/widget.css\" rel=\"stylesheet\">\n<script src=\"https:\/\/assets.calendly.com\/assets\/external\/widget.js\" type=\"text\/javascript\" async><\/script><\/p>\n<\/p>\n","protected":false},"excerpt":{"rendered":"<p>Du\u017co m\u00f3wi si\u0119 o korzy\u015bciach pracy zdalnej. Nie tracisz czasu na stanie w korkach, jad\u0105c do pracy. Mo\u017cesz pozwoli\u0107 sobie na wi\u0119ksz\u0105 elastyczno\u015b\u0107 i mo\u017cliwo\u015b\u0107 efektywniejszego balansu mi\u0119dzy \u017cyciem prywatnym, a zawodowym. Nikt jednak nie wspomina, \u017ce za tymi korzy\u015bciami kryje si\u0119 wielka praca, jak\u0105 trzeba wykona\u0107, aby m\u00f3c zachowa\u0107 produktywno\u015b\u0107. Co prawda m\u00f3wi si\u0119, [&hellip;]<\/p>\n","protected":false},"author":9,"featured_media":8533,"comment_status":"closed","ping_status":"open","sticky":false,"template":"","format":"standard","meta":{"_acf_changed":false,"_glsr_average":5,"_glsr_ranking":3.6363636363636,"_glsr_reviews":1,"footnotes":""},"categories":[56,28],"tags":[],"class_list":["post-4497","post","type-post","status-publish","format-standard","has-post-thumbnail","hentry","category-praca-zdalna","category-time-tracking-blog"],"acf":[],"yoast_head":"<!-- This site is optimized with the Yoast SEO plugin v25.4 - https:\/\/yoast.com\/wordpress\/plugins\/seo\/ -->\n<title>3 problemy pracy zdalnej, o kt\u00f3rych rzadko si\u0119 m\u00f3wi w firmach - TimeCamp Blog \u2013 Zarz\u0105dzanie czasem<\/title>\n<meta name=\"description\" content=\"Du\u017co m\u00f3wi si\u0119 o korzy\u015bciach pracy zdalnej. Nie tracisz czasu na stanie w korkach, jad\u0105c do pracy. Mo\u017cesz pozwoli\u0107 sobie na wi\u0119ksz\u0105 elastyczno\u015b\u0107 i\" \/>\n<meta name=\"robots\" content=\"index, follow, max-snippet:-1, max-image-preview:large, max-video-preview:-1\" \/>\n<link rel=\"canonical\" href=\"https:\/\/www.timecamp.com\/pl\/blog\/3-problemy-pracy-zdalnej-o-ktorych-rzadko-sie-mowi-w-firmach\/\" \/>\n<meta property=\"og:locale\" content=\"pl_PL\" \/>\n<meta property=\"og:type\" content=\"article\" \/>\n<meta property=\"og:title\" content=\"3 problemy pracy zdalnej, o kt\u00f3rych rzadko si\u0119 m\u00f3wi w firmach - TimeCamp Blog \u2013 Zarz\u0105dzanie czasem\" \/>\n<meta property=\"og:description\" content=\"Du\u017co m\u00f3wi si\u0119 o korzy\u015bciach pracy zdalnej. Nie tracisz czasu na stanie w korkach, jad\u0105c do pracy. Mo\u017cesz pozwoli\u0107 sobie na wi\u0119ksz\u0105 elastyczno\u015b\u0107 i\" \/>\n<meta property=\"og:url\" content=\"https:\/\/www.timecamp.com\/pl\/blog\/3-problemy-pracy-zdalnej-o-ktorych-rzadko-sie-mowi-w-firmach\/\" \/>\n<meta property=\"og:site_name\" content=\"TimeCamp Blog \u2013 Zarz\u0105dzanie czasem\" \/>\n<meta property=\"article:published_time\" content=\"2018-08-31T16:52:04+00:00\" \/>\n<meta property=\"article:modified_time\" content=\"2026-02-10T12:10:15+00:00\" \/>\n<meta property=\"og:image\" content=\"https:\/\/www.timecamp.com\/pl\/blog\/wp-content\/uploads\/2018\/08\/3-problemy-pracy-zdalnej-o-ktorych-rzadko-sie-mowi-w-firmach.jpg\" \/>\n\t<meta property=\"og:image:width\" content=\"1260\" \/>\n\t<meta property=\"og:image:height\" content=\"860\" \/>\n\t<meta property=\"og:image:type\" content=\"image\/jpeg\" \/>\n<meta name=\"author\" content=\"Kamil Rudnicki\" \/>\n<meta name=\"twitter:label1\" content=\"Napisane przez\" \/>\n\t<meta name=\"twitter:data1\" content=\"Kamil Rudnicki\" \/>\n\t<meta name=\"twitter:label2\" content=\"Szacowany czas czytania\" \/>\n\t<meta name=\"twitter:data2\" content=\"5 minut\" \/>\n<script type=\"application\/ld+json\" class=\"yoast-schema-graph\">{\"@context\":\"https:\/\/schema.org\",\"@graph\":[{\"@type\":\"WebPage\",\"@id\":\"https:\/\/www.timecamp.com\/pl\/blog\/3-problemy-pracy-zdalnej-o-ktorych-rzadko-sie-mowi-w-firmach\/\",\"url\":\"https:\/\/www.timecamp.com\/pl\/blog\/3-problemy-pracy-zdalnej-o-ktorych-rzadko-sie-mowi-w-firmach\/\",\"name\":\"3 problemy pracy zdalnej, o kt\u00f3rych rzadko si\u0119 m\u00f3wi w firmach - TimeCamp Blog \u2013 Zarz\u0105dzanie czasem\",\"isPartOf\":{\"@id\":\"https:\/\/www.timecamp.com\/pl\/blog\/#website\"},\"primaryImageOfPage\":{\"@id\":\"https:\/\/www.timecamp.com\/pl\/blog\/3-problemy-pracy-zdalnej-o-ktorych-rzadko-sie-mowi-w-firmach\/#primaryimage\"},\"image\":{\"@id\":\"https:\/\/www.timecamp.com\/pl\/blog\/3-problemy-pracy-zdalnej-o-ktorych-rzadko-sie-mowi-w-firmach\/#primaryimage\"},\"thumbnailUrl\":\"https:\/\/www.timecamp.com\/pl\/blog\/wp-content\/uploads\/2018\/08\/3-problemy-pracy-zdalnej-o-ktorych-rzadko-sie-mowi-w-firmach.jpg\",\"datePublished\":\"2018-08-31T16:52:04+00:00\",\"dateModified\":\"2026-02-10T12:10:15+00:00\",\"author\":{\"@id\":\"https:\/\/www.timecamp.com\/pl\/blog\/#\/schema\/person\/7c1cd3ae8829e3ab94318a405578c28f\"},\"description\":\"Du\u017co m\u00f3wi si\u0119 o korzy\u015bciach pracy zdalnej. Nie tracisz czasu na stanie w korkach, jad\u0105c do pracy. Mo\u017cesz pozwoli\u0107 sobie na wi\u0119ksz\u0105 elastyczno\u015b\u0107 i\",\"breadcrumb\":{\"@id\":\"https:\/\/www.timecamp.com\/pl\/blog\/3-problemy-pracy-zdalnej-o-ktorych-rzadko-sie-mowi-w-firmach\/#breadcrumb\"},\"inLanguage\":\"pl-PL\",\"potentialAction\":[{\"@type\":\"ReadAction\",\"target\":[\"https:\/\/www.timecamp.com\/pl\/blog\/3-problemy-pracy-zdalnej-o-ktorych-rzadko-sie-mowi-w-firmach\/\"]}]},{\"@type\":\"ImageObject\",\"inLanguage\":\"pl-PL\",\"@id\":\"https:\/\/www.timecamp.com\/pl\/blog\/3-problemy-pracy-zdalnej-o-ktorych-rzadko-sie-mowi-w-firmach\/#primaryimage\",\"url\":\"https:\/\/www.timecamp.com\/pl\/blog\/wp-content\/uploads\/2018\/08\/3-problemy-pracy-zdalnej-o-ktorych-rzadko-sie-mowi-w-firmach.jpg\",\"contentUrl\":\"https:\/\/www.timecamp.com\/pl\/blog\/wp-content\/uploads\/2018\/08\/3-problemy-pracy-zdalnej-o-ktorych-rzadko-sie-mowi-w-firmach.jpg\",\"width\":1260,\"height\":860},{\"@type\":\"BreadcrumbList\",\"@id\":\"https:\/\/www.timecamp.com\/pl\/blog\/3-problemy-pracy-zdalnej-o-ktorych-rzadko-sie-mowi-w-firmach\/#breadcrumb\",\"itemListElement\":[{\"@type\":\"ListItem\",\"position\":1,\"name\":\"Home\",\"item\":\"https:\/\/www.timecamp.com\/pl\/blog\/\"},{\"@type\":\"ListItem\",\"position\":2,\"name\":\"3 problemy pracy zdalnej, o kt\u00f3rych rzadko si\u0119 m\u00f3wi w firmach\"}]},{\"@type\":\"WebSite\",\"@id\":\"https:\/\/www.timecamp.com\/pl\/blog\/#website\",\"url\":\"https:\/\/www.timecamp.com\/pl\/blog\/\",\"name\":\"TimeCamp Blog \u2013 Zarz\u0105dzanie czasem\",\"description\":\"TimeCamp\",\"potentialAction\":[{\"@type\":\"SearchAction\",\"target\":{\"@type\":\"EntryPoint\",\"urlTemplate\":\"https:\/\/www.timecamp.com\/pl\/blog\/?s={search_term_string}\"},\"query-input\":{\"@type\":\"PropertyValueSpecification\",\"valueRequired\":true,\"valueName\":\"search_term_string\"}}],\"inLanguage\":\"pl-PL\"},{\"@type\":\"Person\",\"@id\":\"https:\/\/www.timecamp.com\/pl\/blog\/#\/schema\/person\/7c1cd3ae8829e3ab94318a405578c28f\",\"name\":\"Kamil Rudnicki\",\"image\":{\"@type\":\"ImageObject\",\"inLanguage\":\"pl-PL\",\"@id\":\"https:\/\/www.timecamp.com\/pl\/blog\/#\/schema\/person\/image\/\",\"url\":\"https:\/\/secure.gravatar.com\/avatar\/923e13521d3c5b3312a4b425e07838ca96d524e125f380fc69f47532add1d2c4?s=96&d=mm&r=g\",\"contentUrl\":\"https:\/\/secure.gravatar.com\/avatar\/923e13521d3c5b3312a4b425e07838ca96d524e125f380fc69f47532add1d2c4?s=96&d=mm&r=g\",\"caption\":\"Kamil Rudnicki\"},\"description\":\"Kamil Rudnicki jest CEO i za\u0142o\u017cycielem TimeCamp, firmy specjalizuj\u0105cej si\u0119 w oprogramowaniu do \u015bledzenia czasu i zwi\u0119kszania produktywno\u015bci. Pod jego kierownictwem TimeCamp rozwin\u0105\u0142 si\u0119 z ma\u0142ego startupu w rozpoznawalnego gracza w bran\u017cy oprogramowania do \u015bledzenia czasu, oferuj\u0105c rozwi\u0105zania, kt\u00f3re pomagaj\u0105 firmom i jednostkom monitorowa\u0107 czas sp\u0119dzany na zadaniach, poprawia\u0107 produktywno\u015b\u0107 i usprawnia\u0107 przep\u0142ywy pracy. Kamil jest znany ze swojej wiedzy z zakresu rozwoju oprogramowania, przedsi\u0119biorczo\u015bci oraz zaanga\u017cowania w wykorzystanie technologii do zwi\u0119kszania efektywno\u015bci pracy.\",\"url\":\"https:\/\/www.timecamp.com\/pl\/blog\/author\/kamil-rudnicki\/\"}]}<\/script>\n<!-- \/ Yoast SEO plugin. -->","yoast_head_json":{"title":"3 problemy pracy zdalnej, o kt\u00f3rych rzadko si\u0119 m\u00f3wi w firmach - TimeCamp Blog \u2013 Zarz\u0105dzanie czasem","description":"Du\u017co m\u00f3wi si\u0119 o korzy\u015bciach pracy zdalnej. Nie tracisz czasu na stanie w korkach, jad\u0105c do pracy. Mo\u017cesz pozwoli\u0107 sobie na wi\u0119ksz\u0105 elastyczno\u015b\u0107 i","robots":{"index":"index","follow":"follow","max-snippet":"max-snippet:-1","max-image-preview":"max-image-preview:large","max-video-preview":"max-video-preview:-1"},"canonical":"https:\/\/www.timecamp.com\/pl\/blog\/3-problemy-pracy-zdalnej-o-ktorych-rzadko-sie-mowi-w-firmach\/","og_locale":"pl_PL","og_type":"article","og_title":"3 problemy pracy zdalnej, o kt\u00f3rych rzadko si\u0119 m\u00f3wi w firmach - TimeCamp Blog \u2013 Zarz\u0105dzanie czasem","og_description":"Du\u017co m\u00f3wi si\u0119 o korzy\u015bciach pracy zdalnej. Nie tracisz czasu na stanie w korkach, jad\u0105c do pracy. Mo\u017cesz pozwoli\u0107 sobie na wi\u0119ksz\u0105 elastyczno\u015b\u0107 i","og_url":"https:\/\/www.timecamp.com\/pl\/blog\/3-problemy-pracy-zdalnej-o-ktorych-rzadko-sie-mowi-w-firmach\/","og_site_name":"TimeCamp Blog \u2013 Zarz\u0105dzanie czasem","article_published_time":"2018-08-31T16:52:04+00:00","article_modified_time":"2026-02-10T12:10:15+00:00","og_image":[{"width":1260,"height":860,"url":"https:\/\/www.timecamp.com\/pl\/blog\/wp-content\/uploads\/2018\/08\/3-problemy-pracy-zdalnej-o-ktorych-rzadko-sie-mowi-w-firmach.jpg","type":"image\/jpeg"}],"author":"Kamil Rudnicki","twitter_misc":{"Napisane przez":"Kamil Rudnicki","Szacowany czas czytania":"5 minut"},"schema":{"@context":"https:\/\/schema.org","@graph":[{"@type":"WebPage","@id":"https:\/\/www.timecamp.com\/pl\/blog\/3-problemy-pracy-zdalnej-o-ktorych-rzadko-sie-mowi-w-firmach\/","url":"https:\/\/www.timecamp.com\/pl\/blog\/3-problemy-pracy-zdalnej-o-ktorych-rzadko-sie-mowi-w-firmach\/","name":"3 problemy pracy zdalnej, o kt\u00f3rych rzadko si\u0119 m\u00f3wi w firmach - TimeCamp Blog \u2013 Zarz\u0105dzanie czasem","isPartOf":{"@id":"https:\/\/www.timecamp.com\/pl\/blog\/#website"},"primaryImageOfPage":{"@id":"https:\/\/www.timecamp.com\/pl\/blog\/3-problemy-pracy-zdalnej-o-ktorych-rzadko-sie-mowi-w-firmach\/#primaryimage"},"image":{"@id":"https:\/\/www.timecamp.com\/pl\/blog\/3-problemy-pracy-zdalnej-o-ktorych-rzadko-sie-mowi-w-firmach\/#primaryimage"},"thumbnailUrl":"https:\/\/www.timecamp.com\/pl\/blog\/wp-content\/uploads\/2018\/08\/3-problemy-pracy-zdalnej-o-ktorych-rzadko-sie-mowi-w-firmach.jpg","datePublished":"2018-08-31T16:52:04+00:00","dateModified":"2026-02-10T12:10:15+00:00","author":{"@id":"https:\/\/www.timecamp.com\/pl\/blog\/#\/schema\/person\/7c1cd3ae8829e3ab94318a405578c28f"},"description":"Du\u017co m\u00f3wi si\u0119 o korzy\u015bciach pracy zdalnej. Nie tracisz czasu na stanie w korkach, jad\u0105c do pracy. Mo\u017cesz pozwoli\u0107 sobie na wi\u0119ksz\u0105 elastyczno\u015b\u0107 i","breadcrumb":{"@id":"https:\/\/www.timecamp.com\/pl\/blog\/3-problemy-pracy-zdalnej-o-ktorych-rzadko-sie-mowi-w-firmach\/#breadcrumb"},"inLanguage":"pl-PL","potentialAction":[{"@type":"ReadAction","target":["https:\/\/www.timecamp.com\/pl\/blog\/3-problemy-pracy-zdalnej-o-ktorych-rzadko-sie-mowi-w-firmach\/"]}]},{"@type":"ImageObject","inLanguage":"pl-PL","@id":"https:\/\/www.timecamp.com\/pl\/blog\/3-problemy-pracy-zdalnej-o-ktorych-rzadko-sie-mowi-w-firmach\/#primaryimage","url":"https:\/\/www.timecamp.com\/pl\/blog\/wp-content\/uploads\/2018\/08\/3-problemy-pracy-zdalnej-o-ktorych-rzadko-sie-mowi-w-firmach.jpg","contentUrl":"https:\/\/www.timecamp.com\/pl\/blog\/wp-content\/uploads\/2018\/08\/3-problemy-pracy-zdalnej-o-ktorych-rzadko-sie-mowi-w-firmach.jpg","width":1260,"height":860},{"@type":"BreadcrumbList","@id":"https:\/\/www.timecamp.com\/pl\/blog\/3-problemy-pracy-zdalnej-o-ktorych-rzadko-sie-mowi-w-firmach\/#breadcrumb","itemListElement":[{"@type":"ListItem","position":1,"name":"Home","item":"https:\/\/www.timecamp.com\/pl\/blog\/"},{"@type":"ListItem","position":2,"name":"3 problemy pracy zdalnej, o kt\u00f3rych rzadko si\u0119 m\u00f3wi w firmach"}]},{"@type":"WebSite","@id":"https:\/\/www.timecamp.com\/pl\/blog\/#website","url":"https:\/\/www.timecamp.com\/pl\/blog\/","name":"TimeCamp Blog \u2013 Zarz\u0105dzanie czasem","description":"TimeCamp","potentialAction":[{"@type":"SearchAction","target":{"@type":"EntryPoint","urlTemplate":"https:\/\/www.timecamp.com\/pl\/blog\/?s={search_term_string}"},"query-input":{"@type":"PropertyValueSpecification","valueRequired":true,"valueName":"search_term_string"}}],"inLanguage":"pl-PL"},{"@type":"Person","@id":"https:\/\/www.timecamp.com\/pl\/blog\/#\/schema\/person\/7c1cd3ae8829e3ab94318a405578c28f","name":"Kamil Rudnicki","image":{"@type":"ImageObject","inLanguage":"pl-PL","@id":"https:\/\/www.timecamp.com\/pl\/blog\/#\/schema\/person\/image\/","url":"https:\/\/secure.gravatar.com\/avatar\/923e13521d3c5b3312a4b425e07838ca96d524e125f380fc69f47532add1d2c4?s=96&d=mm&r=g","contentUrl":"https:\/\/secure.gravatar.com\/avatar\/923e13521d3c5b3312a4b425e07838ca96d524e125f380fc69f47532add1d2c4?s=96&d=mm&r=g","caption":"Kamil Rudnicki"},"description":"Kamil Rudnicki jest CEO i za\u0142o\u017cycielem TimeCamp, firmy specjalizuj\u0105cej si\u0119 w oprogramowaniu do \u015bledzenia czasu i zwi\u0119kszania produktywno\u015bci. Pod jego kierownictwem TimeCamp rozwin\u0105\u0142 si\u0119 z ma\u0142ego startupu w rozpoznawalnego gracza w bran\u017cy oprogramowania do \u015bledzenia czasu, oferuj\u0105c rozwi\u0105zania, kt\u00f3re pomagaj\u0105 firmom i jednostkom monitorowa\u0107 czas sp\u0119dzany na zadaniach, poprawia\u0107 produktywno\u015b\u0107 i usprawnia\u0107 przep\u0142ywy pracy. Kamil jest znany ze swojej wiedzy z zakresu rozwoju oprogramowania, przedsi\u0119biorczo\u015bci oraz zaanga\u017cowania w wykorzystanie technologii do zwi\u0119kszania efektywno\u015bci pracy.","url":"https:\/\/www.timecamp.com\/pl\/blog\/author\/kamil-rudnicki\/"}]}},"_links":{"self":[{"href":"https:\/\/www.timecamp.com\/pl\/blog\/wp-json\/wp\/v2\/posts\/4497","targetHints":{"allow":["GET"]}}],"collection":[{"href":"https:\/\/www.timecamp.com\/pl\/blog\/wp-json\/wp\/v2\/posts"}],"about":[{"href":"https:\/\/www.timecamp.com\/pl\/blog\/wp-json\/wp\/v2\/types\/post"}],"author":[{"embeddable":true,"href":"https:\/\/www.timecamp.com\/pl\/blog\/wp-json\/wp\/v2\/users\/9"}],"replies":[{"embeddable":true,"href":"https:\/\/www.timecamp.com\/pl\/blog\/wp-json\/wp\/v2\/comments?post=4497"}],"version-history":[{"count":15,"href":"https:\/\/www.timecamp.com\/pl\/blog\/wp-json\/wp\/v2\/posts\/4497\/revisions"}],"predecessor-version":[{"id":8885,"href":"https:\/\/www.timecamp.com\/pl\/blog\/wp-json\/wp\/v2\/posts\/4497\/revisions\/8885"}],"wp:featuredmedia":[{"embeddable":true,"href":"https:\/\/www.timecamp.com\/pl\/blog\/wp-json\/wp\/v2\/media\/8533"}],"wp:attachment":[{"href":"https:\/\/www.timecamp.com\/pl\/blog\/wp-json\/wp\/v2\/media?parent=4497"}],"wp:term":[{"taxonomy":"category","embeddable":true,"href":"https:\/\/www.timecamp.com\/pl\/blog\/wp-json\/wp\/v2\/categories?post=4497"},{"taxonomy":"post_tag","embeddable":true,"href":"https:\/\/www.timecamp.com\/pl\/blog\/wp-json\/wp\/v2\/tags?post=4497"}],"curies":[{"name":"wp","href":"https:\/\/api.w.org\/{rel}","templated":true}]}}