{"id":4521,"date":"2018-08-30T11:37:59","date_gmt":"2018-08-30T11:37:59","guid":{"rendered":"https:\/\/www.timecamp.com\/pl\/blog\/?p=4521"},"modified":"2026-02-06T11:32:18","modified_gmt":"2026-02-06T11:32:18","slug":"10-powodow-dla-ktorych-warto-skorzystac-z-czatu-w-firmie","status":"publish","type":"post","link":"https:\/\/www.timecamp.com\/pl\/blog\/10-powodow-dla-ktorych-warto-skorzystac-z-czatu-w-firmie\/","title":{"rendered":"10 powod\u00f3w, dla kt\u00f3rych warto skorzysta\u0107 z czatu w firmie"},"content":{"rendered":"<p>&nbsp;<\/p>\n<h2 style=\"text-align: center;\">Czy powiniene\u015b korzysta\u0107 z czatu w firmie?<\/h2>\n<p><strong>Jest tylko jedna prawid\u0142owa odpowied\u017a &#8211; tak, powiniene\u015b korzysta\u0107 z czatu w firmie. Dlaczego? Poniewa\u017c jest to korzystne dla twojej firmy.<\/strong><\/p>\n<p>Zanim jednak postanowisz, \u017ce nadszed\u0142 czas na wdro\u017cenie takiego narz\u0119dzia w swojej organizacji, powiniene\u015b porz\u0105dnie si\u0119 zastanowi\u0107 nad dost\u0119pnymi opcjami. Rynek oferuje r\u00f3\u017cne rozwi\u0105zania, lepsze b\u0105d\u017a gorsze. Tak na przyk\u0142ad, niekt\u00f3re z nich s\u0105 nieekonomiczne, niefunkcjonalne lub po prostu pozbawione przydatnych funkcji. I to jest w\u0142a\u015bnie pow\u00f3d, dla kt\u00f3rego \u00a0nale\u017cy rozwa\u017cnie dokona\u0107 wyboru, zdecydowa\u0107 si\u0119 na narz\u0119dzie, kt\u00f3re \u00a0b\u0119dzie <strong>innowacyjne, funkcjonalne i ekonomiczne<\/strong>, dok\u0142adnie takie jak <a href=\"https:\/\/www.timecamp.com\/planner\/\">TimeCamp Planner<\/a>.<\/p>\n<p><img loading=\"lazy\" decoding=\"async\" class=\"aligncenter size-large wp-image-4523\" src=\"https:\/\/www.timecamp.com\/pl\/blog\/wp-content\/uploads\/2018\/08\/image001-1024x575.png\" alt=\"\" width=\"1024\" height=\"575\" srcset=\"https:\/\/www.timecamp.com\/pl\/blog\/wp-content\/uploads\/2018\/08\/image001.png 1024w, https:\/\/www.timecamp.com\/pl\/blog\/wp-content\/uploads\/2018\/08\/image001-300x168.png 300w, https:\/\/www.timecamp.com\/pl\/blog\/wp-content\/uploads\/2018\/08\/image001-768x431.png 768w\" sizes=\"auto, (max-width: 1024px) 100vw, 1024px\" \/><\/p>\n<p>TimeCamp Planner jest darmowym, innowacyjnym i funkcjonalnym oprogramowaniem do zarz\u0105dzania zadaniami z rozbudowan\u0105 funkcj\u0105 czatu. Dzi\u0119ki temu po\u0142\u0105czeniu, soft mo\u017ce by\u0107 u\u017cywany nie tylko jako narz\u0119dzie do komunikacji, ale r\u00f3wnie\u017c jako oprogramowanie u\u0142atwiaj\u0105ce wsp\u00f3\u0142prac\u0119.<\/p>\n<p>Teraz, gdy ju\u017c wiesz, z jakiego czatu powiniene\u015b korzysta\u0107, sprawd\u017a <strong>10 powod\u00f3w, dla kt\u00f3rych warto skorzysta\u0107 z czatu w firmie<\/strong>. Du\u017co zyskasz, nie wydaj\u0105c ani z\u0142ot\u00f3wki! (Pod warunkiem, \u017ce korzystasz z <a href=\"https:\/\/www.timecamp.com\/planner\/\">TimeCamp Planner<\/a>)<\/p>\n<h3 style=\"text-align: left;\">1. Lepsza komunikacja<\/h3>\n<p>Pierwszym i najwa\u017cniejszym powodem korzystania z czatu w firmie jest poprawa komunikacji. <strong>Komunikacja jest silnikiem nap\u0119dowym<\/strong> <strong>ka\u017cdego projektu i zadania<\/strong>. Kiedy rozpoczynacie nowy projekt, pomaga go realizowa\u0107, wprowadza\u0107 zmiany, a tak\u017ce go zako\u0144czy\u0107.<\/p>\n<p>Korzystanie z czatu jest szczeg\u00f3lnie przydatne w przypadku wsp\u00f3\u0142pracy ze zdalnymi pracownikami i freelancerami. Rozmowa na czacie jest cz\u0119sto jedynym skutecznym sposobem porozumiewania si\u0119 takowych z firm\u0105 czy innymi cz\u0142onkami zespo\u0142u.<\/p>\n<p>Czat powinien by\u0107 r\u00f3wnie\u017c wykorzystywany stacjonarnie, w biurze, aby usprawni\u0107 procesy zachodz\u0105ce w firmie.<\/p>\n<h3>2. Lepsza wsp\u00f3\u0142praca<\/h3>\n<p>Solidna i jednolita komunikacja w firmie to podstawa dobrej wsp\u00f3\u0142pracy. Kiedy ka\u017cdy jest na tej samej stronie, nie ma miejsca na w\u0105tpliwo\u015bci co do projekt\u00f3w. Kto korzysta z czatu, wie, \u017ce u\u0142atwia on efektywniejsz\u0105 wsp\u00f3\u0142prac\u0119.<\/p>\n<h3>3. 1+2= Efektywno\u015b\u0107<\/h3>\n<p>Gdy komunikacja idzie w parze ze wsp\u00f3\u0142prac\u0105, procesy zachodz\u0105ce w firmie s\u0105 bardziej efektywne i przynosz\u0105 oczekiwane rezultaty.<\/p>\n<p><a href=\"https:\/\/onlinelibrary.wiley.com\/doi\/abs\/10.1002\/ir.20236\" target=\"_blank\" rel=\"nofollow\">W artykule opublikowanym w Wiley Online<\/a> Library jego autorzy stwierdzaj\u0105, \u017ce ,,plan oceny nie mo\u017ce by\u0107 prawdziwym sukcesem bez przemy\u015blanej wsp\u00f3\u0142pracy i komunikacji w celu wzmocnienia i wsparcia cel\u00f3w oceny w instytucji&#8221;. S\u0142owo ,,ocena&#8221; mo\u017cna w tym przypadku w swobodnie zast\u0105pi\u0107 s\u0142owem ,,projekt&#8221;, poniewa\u017c to stwierdzenie jest prawdziwe dla ka\u017cdego rodzaju procesu lub dzia\u0142ania. A zatem <strong>plan <em>projektu<\/em> nie mo\u017ce by\u0107 prawdziwym sukcesem bez przemy\u015blanej wsp\u00f3\u0142pracy i komunikacji w celu wzmocnienia i wsparcia cel\u00f3w projektu w instytucji. <\/strong>Pami\u0119tajmy o tym!<\/p>\n<h3>4. Koniec z e-mailami!<\/h3>\n<p>Codzienne sprawdzanie e-maili jest m\u0119cz\u0105ce, je\u015bli chodzi o korespondencj\u0119 z klientami lub udzia\u0142owcami. Gdy dodasz do tego korespondencj\u0119 wewn\u0119trzn\u0105, otrzymasz niez\u0142y ba\u0142agan.<\/p>\n<p>Lepiej jest wys\u0142a\u0107 wiadomo\u015b\u0107 do kilku os\u00f3b lub nawet utworzy\u0107 w\u0105tek grupowy w jednym miejscu, <em>zamiast prze\u0142\u0105cza\u0107 si\u0119 mi\u0119dzy wieloma w\u0105tkami<\/em>. \u0141atwo si\u0119 pogubi\u0107. Je\u015bli zast\u0105pisz e-maile czatem, twoi pracownicy b\u0119d\u0105 ci wdzi\u0119czni.<\/p>\n<h3><a href=\"https:\/\/www.timecamp.com\/pl\/blog\/wp-content\/uploads\/2018\/08\/brak-emaili.jpg\"><img loading=\"lazy\" decoding=\"async\" class=\"aligncenter wp-image-5934 size-medium\" src=\"https:\/\/www.timecamp.com\/pl\/blog\/wp-content\/uploads\/2018\/08\/brak-emaili-300x200.jpg\" alt=\"brak emaili\" width=\"300\" height=\"200\" srcset=\"https:\/\/www.timecamp.com\/pl\/blog\/wp-content\/uploads\/2018\/08\/brak-emaili-300x200.jpg 300w, https:\/\/www.timecamp.com\/pl\/blog\/wp-content\/uploads\/2018\/08\/brak-emaili-768x512.jpg 768w, https:\/\/www.timecamp.com\/pl\/blog\/wp-content\/uploads\/2018\/08\/brak-emaili-600x400.jpg 600w, https:\/\/www.timecamp.com\/pl\/blog\/wp-content\/uploads\/2018\/08\/brak-emaili-369x246.jpg 369w, https:\/\/www.timecamp.com\/pl\/blog\/wp-content\/uploads\/2018\/08\/brak-emaili-839x559.jpg 839w, https:\/\/www.timecamp.com\/pl\/blog\/wp-content\/uploads\/2018\/08\/brak-emaili.jpg 1000w\" sizes=\"auto, (max-width: 300px) 100vw, 300px\" \/><\/a><\/h3>\n<h3>5. \u0141atwe wsp\u00f3\u0142u\u017cytkowanie<\/h3>\n<p>Musisz wys\u0142a\u0107 plik do kolegi lub szefa? Mo\u017cesz to \u0142atwo zrobi\u0107 poprzez czat. Wiele rzezy mo\u017cna w ten spos\u00f3b wysy\u0142a\u0107: memy (kt\u00f3re wszyscy kochaj\u0105), kr\u00f3tkie notatki, linki lub pliki audio. Nie ma potrzeby umieszczania ich w chmurze.<\/p>\n<h3>6. Szybsza reakcja<\/h3>\n<p>Ludzie nie sp\u0119dzaj\u0105 wolnego czasu przed ekranem komputera, czekaj\u0105c na nowy e-mail. Kiedy u\u017cywasz czatu, mo\u017cesz by\u0107 pewien, \u017ce ludzie b\u0119d\u0105 reagowa\u0107 szybko, korzystaj\u0105c telefon\u00f3w, laptop\u00f3w, tablet\u00f3w.<\/p>\n<h3>7.\u00a0 Mo\u017cesz pom\u00f3c swojemu zespo\u0142owi z dowolnego miejsca.<\/h3>\n<p>Obecnie wszystkie aplikacje s\u0105 dost\u0119pne w wersji mobilnej. Mo\u017cesz zabra\u0107 je ze sob\u0105, gdziekolwiek si\u0119 udasz, a kiedy kto\u015b z twojego zespo\u0142u ma problem lub potrzebuje odpowiedzi na jakie\u015b pytanie, mo\u017cesz zareagowa\u0107 szybko, bez wzgl\u0119du na to, gdzie si\u0119 znajdujesz!<\/p>\n<p><img loading=\"lazy\" decoding=\"async\" class=\"aligncenter wp-image-5935\" src=\"https:\/\/www.timecamp.com\/pl\/blog\/wp-content\/uploads\/2018\/08\/remote-work.jpg\" alt=\"praca zdalna\" width=\"800\" height=\"600\" srcset=\"https:\/\/www.timecamp.com\/pl\/blog\/wp-content\/uploads\/2018\/08\/remote-work.jpg 1000w, https:\/\/www.timecamp.com\/pl\/blog\/wp-content\/uploads\/2018\/08\/remote-work-300x225.jpg 300w, https:\/\/www.timecamp.com\/pl\/blog\/wp-content\/uploads\/2018\/08\/remote-work-768x576.jpg 768w, https:\/\/www.timecamp.com\/pl\/blog\/wp-content\/uploads\/2018\/08\/remote-work-533x400.jpg 533w, https:\/\/www.timecamp.com\/pl\/blog\/wp-content\/uploads\/2018\/08\/remote-work-328x246.jpg 328w, https:\/\/www.timecamp.com\/pl\/blog\/wp-content\/uploads\/2018\/08\/remote-work-745x559.jpg 745w\" sizes=\"auto, (max-width: 800px) 100vw, 800px\" \/><\/p>\n<h3>8. Zmie\u0144 hierarchi\u0119 i porz\u0105dek!<\/h3>\n<p>Czat umo\u017cliwia stworzenie okre\u015blonej hierarchii w organizacji. Mo\u017cesz <strong>tworzy\u0107 r\u00f3\u017cne kana\u0142y, decydowa\u0107, czy s\u0105 to kana\u0142y publiczne czy prywatne, a tak\u017ce kt\u00f3re z nich dotycz\u0105 najwa\u017cniejszych spraw firmy.<\/strong><\/p>\n<p>Utrzymywanie porz\u0105dku w wiadomo\u015bciach jest prost\u0105 sztuczk\u0105.<\/p>\n<h3>9. Si\u0142a nap\u0119dowa pomys\u0142\u00f3w<\/h3>\n<p>Za\u0142o\u017cyciel i CEO Nozbego, Michael Sliwi\u0144ski wskazuje istotny problem &#8211; pracujac w biurze mo\u017cesz mie\u0107 mn\u00f3stwo pomys\u0142\u00f3w, wypowiedzie\u0107 je na g\u0142os, ale <strong>je\u015bli ich nie spisze, zapomnisz o nich.<\/strong><\/p>\n<p>W\u0142a\u015bnie dlatego korzystanie z czatu w firmie powinno by\u0107 obowi\u0105zkowe, aby ludzie pami\u0119tali o r\u00f3\u017cnych rzeczach.<\/p>\n<h3>10. Przerwa od pracy<\/h3>\n<p>Przypomnij sobie chwile, kiedy by\u0142o trzeba usi\u0105\u015b\u0107 w sali konferencyjnej i s\u0142ucha\u0107, jak szef m\u00f3wi o bie\u017c\u0105cych post\u0119pach w realizacji projektu. Znudzony? Koniec z tym! Mo\u017cesz wysy\u0142a\u0107 dowcipy lub \u015bmieszne memy do koleg\u00f3w i rozwesela\u0107 ca\u0142e biuro.<\/p>\n<p>Oczywi\u015bcie, robisz to na w\u0142asn\u0105 odpowiedzialno\u015b\u0107, nie zach\u0119camy do tego. Spotkania s\u0105 wa\u017cne!<\/p>\n<p><strong>Korzystanie z czatu w firmie jest doskona\u0142ym sposobem na zbli\u017cenie ludzi.<\/strong> Mo\u017cesz stworzy\u0107 kana\u0142, gdzie ludzie b\u0119d\u0105 mogli swobodnie rozmawia\u0107 na dowolny temat, wymienia\u0107 si\u0119 ciekawymi informacjami lub zabawnymi memami. Przecie\u017c wszyscy musimy si\u0119 czasem oderwa\u0107 od pracy.<\/p>\n<h2 style=\"text-align: center;\"><strong>Czy korzystasz ju\u017c z czatu w firmie?<\/strong><\/h2>\n<p>Je\u015bli chcesz, aby tw\u00f3j zesp\u00f3\u0142 pracowa\u0142 efektywnie, pomy\u015bl o wdro\u017ceniu czatu w firmie. A je\u015bli nie jeste\u015b przekonany, czy korzystanie z czatu jest dobrym pomys\u0142em, spr\u00f3buj poeksperymentowa\u0107. Zobacz, jak to dzia\u0142a w twojej organizacji. Pomy\u015bl jednak o swoich pracownikach i o tym, w jaki spos\u00f3b pomo\u017ce im to w ich pracy.<\/p>\n<p>&nbsp;<\/p>\n<p>&nbsp;<\/p>\n<p>&nbsp;<\/p>\n","protected":false},"excerpt":{"rendered":"<p>&nbsp; Czy powiniene\u015b korzysta\u0107 z czatu w firmie? Jest tylko jedna prawid\u0142owa odpowied\u017a &#8211; tak, powiniene\u015b korzysta\u0107 z czatu w firmie. Dlaczego? Poniewa\u017c jest to korzystne dla twojej firmy. Zanim jednak postanowisz, \u017ce nadszed\u0142 czas na wdro\u017cenie takiego narz\u0119dzia w swojej organizacji, powiniene\u015b porz\u0105dnie si\u0119 zastanowi\u0107 nad dost\u0119pnymi opcjami. Rynek oferuje r\u00f3\u017cne rozwi\u0105zania, lepsze b\u0105d\u017a [&hellip;]<\/p>\n","protected":false},"author":9,"featured_media":8545,"comment_status":"closed","ping_status":"open","sticky":false,"template":"","format":"standard","meta":{"_acf_changed":false,"_glsr_average":0,"_glsr_ranking":0,"_glsr_reviews":0,"footnotes":""},"categories":[16,15],"tags":[],"class_list":["post-4521","post","type-post","status-publish","format-standard","has-post-thumbnail","hentry","category-nowosci","category-zarzadzanie-czasem"],"acf":[],"yoast_head":"<!-- This site is optimized with the Yoast SEO plugin v25.4 - https:\/\/yoast.com\/wordpress\/plugins\/seo\/ -->\n<title>10 powod\u00f3w, dla kt\u00f3rych warto skorzysta\u0107 z czatu w firmie - TimeCamp Blog \u2013 Zarz\u0105dzanie czasem<\/title>\n<meta name=\"description\" content=\"Zacznij korzysta\u0107 z czatu firmowego i sprawd\u017a jak poprawi si\u0119 komunikacja w Twoim zespole. Sprawd\u017a nasze porady i dzia\u0142aj!\" \/>\n<meta name=\"robots\" content=\"index, follow, max-snippet:-1, max-image-preview:large, max-video-preview:-1\" \/>\n<link rel=\"canonical\" href=\"https:\/\/www.timecamp.com\/pl\/blog\/10-powodow-dla-ktorych-warto-skorzystac-z-czatu-w-firmie\/\" \/>\n<meta property=\"og:locale\" content=\"pl_PL\" \/>\n<meta property=\"og:type\" content=\"article\" \/>\n<meta property=\"og:title\" content=\"10 powod\u00f3w, dla kt\u00f3rych warto skorzysta\u0107 z czatu w firmie - TimeCamp Blog \u2013 Zarz\u0105dzanie czasem\" \/>\n<meta property=\"og:description\" content=\"Zacznij korzysta\u0107 z czatu firmowego i sprawd\u017a jak poprawi si\u0119 komunikacja w Twoim zespole. Sprawd\u017a nasze porady i dzia\u0142aj!\" \/>\n<meta property=\"og:url\" content=\"https:\/\/www.timecamp.com\/pl\/blog\/10-powodow-dla-ktorych-warto-skorzystac-z-czatu-w-firmie\/\" \/>\n<meta property=\"og:site_name\" content=\"TimeCamp Blog \u2013 Zarz\u0105dzanie czasem\" \/>\n<meta property=\"article:published_time\" content=\"2018-08-30T11:37:59+00:00\" \/>\n<meta property=\"article:modified_time\" content=\"2026-02-06T11:32:18+00:00\" \/>\n<meta property=\"og:image\" content=\"https:\/\/www.timecamp.com\/pl\/blog\/wp-content\/uploads\/2018\/08\/10-powodow-dla-ktorych-warto-skorzystac-z-czatu-w-firmie.jpg\" \/>\n\t<meta property=\"og:image:width\" content=\"1260\" \/>\n\t<meta property=\"og:image:height\" content=\"860\" \/>\n\t<meta property=\"og:image:type\" content=\"image\/jpeg\" \/>\n<meta name=\"author\" content=\"Kamil Rudnicki\" \/>\n<meta name=\"twitter:label1\" content=\"Napisane przez\" \/>\n\t<meta name=\"twitter:data1\" content=\"Kamil Rudnicki\" \/>\n\t<meta name=\"twitter:label2\" content=\"Szacowany czas czytania\" \/>\n\t<meta name=\"twitter:data2\" content=\"6 minut\" \/>\n<script type=\"application\/ld+json\" class=\"yoast-schema-graph\">{\"@context\":\"https:\/\/schema.org\",\"@graph\":[{\"@type\":\"WebPage\",\"@id\":\"https:\/\/www.timecamp.com\/pl\/blog\/10-powodow-dla-ktorych-warto-skorzystac-z-czatu-w-firmie\/\",\"url\":\"https:\/\/www.timecamp.com\/pl\/blog\/10-powodow-dla-ktorych-warto-skorzystac-z-czatu-w-firmie\/\",\"name\":\"10 powod\u00f3w, dla kt\u00f3rych warto skorzysta\u0107 z czatu w firmie - TimeCamp Blog \u2013 Zarz\u0105dzanie czasem\",\"isPartOf\":{\"@id\":\"https:\/\/www.timecamp.com\/pl\/blog\/#website\"},\"primaryImageOfPage\":{\"@id\":\"https:\/\/www.timecamp.com\/pl\/blog\/10-powodow-dla-ktorych-warto-skorzystac-z-czatu-w-firmie\/#primaryimage\"},\"image\":{\"@id\":\"https:\/\/www.timecamp.com\/pl\/blog\/10-powodow-dla-ktorych-warto-skorzystac-z-czatu-w-firmie\/#primaryimage\"},\"thumbnailUrl\":\"https:\/\/www.timecamp.com\/pl\/blog\/wp-content\/uploads\/2018\/08\/10-powodow-dla-ktorych-warto-skorzystac-z-czatu-w-firmie.jpg\",\"datePublished\":\"2018-08-30T11:37:59+00:00\",\"dateModified\":\"2026-02-06T11:32:18+00:00\",\"author\":{\"@id\":\"https:\/\/www.timecamp.com\/pl\/blog\/#\/schema\/person\/7c1cd3ae8829e3ab94318a405578c28f\"},\"description\":\"Zacznij korzysta\u0107 z czatu firmowego i sprawd\u017a jak poprawi si\u0119 komunikacja w Twoim zespole. Sprawd\u017a nasze porady i dzia\u0142aj!\",\"breadcrumb\":{\"@id\":\"https:\/\/www.timecamp.com\/pl\/blog\/10-powodow-dla-ktorych-warto-skorzystac-z-czatu-w-firmie\/#breadcrumb\"},\"inLanguage\":\"pl-PL\",\"potentialAction\":[{\"@type\":\"ReadAction\",\"target\":[\"https:\/\/www.timecamp.com\/pl\/blog\/10-powodow-dla-ktorych-warto-skorzystac-z-czatu-w-firmie\/\"]}]},{\"@type\":\"ImageObject\",\"inLanguage\":\"pl-PL\",\"@id\":\"https:\/\/www.timecamp.com\/pl\/blog\/10-powodow-dla-ktorych-warto-skorzystac-z-czatu-w-firmie\/#primaryimage\",\"url\":\"https:\/\/www.timecamp.com\/pl\/blog\/wp-content\/uploads\/2018\/08\/10-powodow-dla-ktorych-warto-skorzystac-z-czatu-w-firmie.jpg\",\"contentUrl\":\"https:\/\/www.timecamp.com\/pl\/blog\/wp-content\/uploads\/2018\/08\/10-powodow-dla-ktorych-warto-skorzystac-z-czatu-w-firmie.jpg\",\"width\":1260,\"height\":860},{\"@type\":\"BreadcrumbList\",\"@id\":\"https:\/\/www.timecamp.com\/pl\/blog\/10-powodow-dla-ktorych-warto-skorzystac-z-czatu-w-firmie\/#breadcrumb\",\"itemListElement\":[{\"@type\":\"ListItem\",\"position\":1,\"name\":\"Home\",\"item\":\"https:\/\/www.timecamp.com\/pl\/blog\/\"},{\"@type\":\"ListItem\",\"position\":2,\"name\":\"10 powod\u00f3w, dla kt\u00f3rych warto skorzysta\u0107 z czatu w firmie\"}]},{\"@type\":\"WebSite\",\"@id\":\"https:\/\/www.timecamp.com\/pl\/blog\/#website\",\"url\":\"https:\/\/www.timecamp.com\/pl\/blog\/\",\"name\":\"TimeCamp Blog \u2013 Zarz\u0105dzanie czasem\",\"description\":\"TimeCamp\",\"potentialAction\":[{\"@type\":\"SearchAction\",\"target\":{\"@type\":\"EntryPoint\",\"urlTemplate\":\"https:\/\/www.timecamp.com\/pl\/blog\/?s={search_term_string}\"},\"query-input\":{\"@type\":\"PropertyValueSpecification\",\"valueRequired\":true,\"valueName\":\"search_term_string\"}}],\"inLanguage\":\"pl-PL\"},{\"@type\":\"Person\",\"@id\":\"https:\/\/www.timecamp.com\/pl\/blog\/#\/schema\/person\/7c1cd3ae8829e3ab94318a405578c28f\",\"name\":\"Kamil Rudnicki\",\"image\":{\"@type\":\"ImageObject\",\"inLanguage\":\"pl-PL\",\"@id\":\"https:\/\/www.timecamp.com\/pl\/blog\/#\/schema\/person\/image\/\",\"url\":\"https:\/\/secure.gravatar.com\/avatar\/923e13521d3c5b3312a4b425e07838ca96d524e125f380fc69f47532add1d2c4?s=96&d=mm&r=g\",\"contentUrl\":\"https:\/\/secure.gravatar.com\/avatar\/923e13521d3c5b3312a4b425e07838ca96d524e125f380fc69f47532add1d2c4?s=96&d=mm&r=g\",\"caption\":\"Kamil Rudnicki\"},\"description\":\"Kamil Rudnicki jest CEO i za\u0142o\u017cycielem TimeCamp, firmy specjalizuj\u0105cej si\u0119 w oprogramowaniu do \u015bledzenia czasu i zwi\u0119kszania produktywno\u015bci. Pod jego kierownictwem TimeCamp rozwin\u0105\u0142 si\u0119 z ma\u0142ego startupu w rozpoznawalnego gracza w bran\u017cy oprogramowania do \u015bledzenia czasu, oferuj\u0105c rozwi\u0105zania, kt\u00f3re pomagaj\u0105 firmom i jednostkom monitorowa\u0107 czas sp\u0119dzany na zadaniach, poprawia\u0107 produktywno\u015b\u0107 i usprawnia\u0107 przep\u0142ywy pracy. Kamil jest znany ze swojej wiedzy z zakresu rozwoju oprogramowania, przedsi\u0119biorczo\u015bci oraz zaanga\u017cowania w wykorzystanie technologii do zwi\u0119kszania efektywno\u015bci pracy.\",\"url\":\"https:\/\/www.timecamp.com\/pl\/blog\/author\/kamil-rudnicki\/\"}]}<\/script>\n<!-- \/ Yoast SEO plugin. -->","yoast_head_json":{"title":"10 powod\u00f3w, dla kt\u00f3rych warto skorzysta\u0107 z czatu w firmie - TimeCamp Blog \u2013 Zarz\u0105dzanie czasem","description":"Zacznij korzysta\u0107 z czatu firmowego i sprawd\u017a jak poprawi si\u0119 komunikacja w Twoim zespole. Sprawd\u017a nasze porady i dzia\u0142aj!","robots":{"index":"index","follow":"follow","max-snippet":"max-snippet:-1","max-image-preview":"max-image-preview:large","max-video-preview":"max-video-preview:-1"},"canonical":"https:\/\/www.timecamp.com\/pl\/blog\/10-powodow-dla-ktorych-warto-skorzystac-z-czatu-w-firmie\/","og_locale":"pl_PL","og_type":"article","og_title":"10 powod\u00f3w, dla kt\u00f3rych warto skorzysta\u0107 z czatu w firmie - TimeCamp Blog \u2013 Zarz\u0105dzanie czasem","og_description":"Zacznij korzysta\u0107 z czatu firmowego i sprawd\u017a jak poprawi si\u0119 komunikacja w Twoim zespole. Sprawd\u017a nasze porady i dzia\u0142aj!","og_url":"https:\/\/www.timecamp.com\/pl\/blog\/10-powodow-dla-ktorych-warto-skorzystac-z-czatu-w-firmie\/","og_site_name":"TimeCamp Blog \u2013 Zarz\u0105dzanie czasem","article_published_time":"2018-08-30T11:37:59+00:00","article_modified_time":"2026-02-06T11:32:18+00:00","og_image":[{"width":1260,"height":860,"url":"https:\/\/www.timecamp.com\/pl\/blog\/wp-content\/uploads\/2018\/08\/10-powodow-dla-ktorych-warto-skorzystac-z-czatu-w-firmie.jpg","type":"image\/jpeg"}],"author":"Kamil Rudnicki","twitter_misc":{"Napisane przez":"Kamil Rudnicki","Szacowany czas czytania":"6 minut"},"schema":{"@context":"https:\/\/schema.org","@graph":[{"@type":"WebPage","@id":"https:\/\/www.timecamp.com\/pl\/blog\/10-powodow-dla-ktorych-warto-skorzystac-z-czatu-w-firmie\/","url":"https:\/\/www.timecamp.com\/pl\/blog\/10-powodow-dla-ktorych-warto-skorzystac-z-czatu-w-firmie\/","name":"10 powod\u00f3w, dla kt\u00f3rych warto skorzysta\u0107 z czatu w firmie - TimeCamp Blog \u2013 Zarz\u0105dzanie czasem","isPartOf":{"@id":"https:\/\/www.timecamp.com\/pl\/blog\/#website"},"primaryImageOfPage":{"@id":"https:\/\/www.timecamp.com\/pl\/blog\/10-powodow-dla-ktorych-warto-skorzystac-z-czatu-w-firmie\/#primaryimage"},"image":{"@id":"https:\/\/www.timecamp.com\/pl\/blog\/10-powodow-dla-ktorych-warto-skorzystac-z-czatu-w-firmie\/#primaryimage"},"thumbnailUrl":"https:\/\/www.timecamp.com\/pl\/blog\/wp-content\/uploads\/2018\/08\/10-powodow-dla-ktorych-warto-skorzystac-z-czatu-w-firmie.jpg","datePublished":"2018-08-30T11:37:59+00:00","dateModified":"2026-02-06T11:32:18+00:00","author":{"@id":"https:\/\/www.timecamp.com\/pl\/blog\/#\/schema\/person\/7c1cd3ae8829e3ab94318a405578c28f"},"description":"Zacznij korzysta\u0107 z czatu firmowego i sprawd\u017a jak poprawi si\u0119 komunikacja w Twoim zespole. Sprawd\u017a nasze porady i dzia\u0142aj!","breadcrumb":{"@id":"https:\/\/www.timecamp.com\/pl\/blog\/10-powodow-dla-ktorych-warto-skorzystac-z-czatu-w-firmie\/#breadcrumb"},"inLanguage":"pl-PL","potentialAction":[{"@type":"ReadAction","target":["https:\/\/www.timecamp.com\/pl\/blog\/10-powodow-dla-ktorych-warto-skorzystac-z-czatu-w-firmie\/"]}]},{"@type":"ImageObject","inLanguage":"pl-PL","@id":"https:\/\/www.timecamp.com\/pl\/blog\/10-powodow-dla-ktorych-warto-skorzystac-z-czatu-w-firmie\/#primaryimage","url":"https:\/\/www.timecamp.com\/pl\/blog\/wp-content\/uploads\/2018\/08\/10-powodow-dla-ktorych-warto-skorzystac-z-czatu-w-firmie.jpg","contentUrl":"https:\/\/www.timecamp.com\/pl\/blog\/wp-content\/uploads\/2018\/08\/10-powodow-dla-ktorych-warto-skorzystac-z-czatu-w-firmie.jpg","width":1260,"height":860},{"@type":"BreadcrumbList","@id":"https:\/\/www.timecamp.com\/pl\/blog\/10-powodow-dla-ktorych-warto-skorzystac-z-czatu-w-firmie\/#breadcrumb","itemListElement":[{"@type":"ListItem","position":1,"name":"Home","item":"https:\/\/www.timecamp.com\/pl\/blog\/"},{"@type":"ListItem","position":2,"name":"10 powod\u00f3w, dla kt\u00f3rych warto skorzysta\u0107 z czatu w firmie"}]},{"@type":"WebSite","@id":"https:\/\/www.timecamp.com\/pl\/blog\/#website","url":"https:\/\/www.timecamp.com\/pl\/blog\/","name":"TimeCamp Blog \u2013 Zarz\u0105dzanie czasem","description":"TimeCamp","potentialAction":[{"@type":"SearchAction","target":{"@type":"EntryPoint","urlTemplate":"https:\/\/www.timecamp.com\/pl\/blog\/?s={search_term_string}"},"query-input":{"@type":"PropertyValueSpecification","valueRequired":true,"valueName":"search_term_string"}}],"inLanguage":"pl-PL"},{"@type":"Person","@id":"https:\/\/www.timecamp.com\/pl\/blog\/#\/schema\/person\/7c1cd3ae8829e3ab94318a405578c28f","name":"Kamil Rudnicki","image":{"@type":"ImageObject","inLanguage":"pl-PL","@id":"https:\/\/www.timecamp.com\/pl\/blog\/#\/schema\/person\/image\/","url":"https:\/\/secure.gravatar.com\/avatar\/923e13521d3c5b3312a4b425e07838ca96d524e125f380fc69f47532add1d2c4?s=96&d=mm&r=g","contentUrl":"https:\/\/secure.gravatar.com\/avatar\/923e13521d3c5b3312a4b425e07838ca96d524e125f380fc69f47532add1d2c4?s=96&d=mm&r=g","caption":"Kamil Rudnicki"},"description":"Kamil Rudnicki jest CEO i za\u0142o\u017cycielem TimeCamp, firmy specjalizuj\u0105cej si\u0119 w oprogramowaniu do \u015bledzenia czasu i zwi\u0119kszania produktywno\u015bci. Pod jego kierownictwem TimeCamp rozwin\u0105\u0142 si\u0119 z ma\u0142ego startupu w rozpoznawalnego gracza w bran\u017cy oprogramowania do \u015bledzenia czasu, oferuj\u0105c rozwi\u0105zania, kt\u00f3re pomagaj\u0105 firmom i jednostkom monitorowa\u0107 czas sp\u0119dzany na zadaniach, poprawia\u0107 produktywno\u015b\u0107 i usprawnia\u0107 przep\u0142ywy pracy. Kamil jest znany ze swojej wiedzy z zakresu rozwoju oprogramowania, przedsi\u0119biorczo\u015bci oraz zaanga\u017cowania w wykorzystanie technologii do zwi\u0119kszania efektywno\u015bci pracy.","url":"https:\/\/www.timecamp.com\/pl\/blog\/author\/kamil-rudnicki\/"}]}},"_links":{"self":[{"href":"https:\/\/www.timecamp.com\/pl\/blog\/wp-json\/wp\/v2\/posts\/4521","targetHints":{"allow":["GET"]}}],"collection":[{"href":"https:\/\/www.timecamp.com\/pl\/blog\/wp-json\/wp\/v2\/posts"}],"about":[{"href":"https:\/\/www.timecamp.com\/pl\/blog\/wp-json\/wp\/v2\/types\/post"}],"author":[{"embeddable":true,"href":"https:\/\/www.timecamp.com\/pl\/blog\/wp-json\/wp\/v2\/users\/9"}],"replies":[{"embeddable":true,"href":"https:\/\/www.timecamp.com\/pl\/blog\/wp-json\/wp\/v2\/comments?post=4521"}],"version-history":[{"count":13,"href":"https:\/\/www.timecamp.com\/pl\/blog\/wp-json\/wp\/v2\/posts\/4521\/revisions"}],"predecessor-version":[{"id":7293,"href":"https:\/\/www.timecamp.com\/pl\/blog\/wp-json\/wp\/v2\/posts\/4521\/revisions\/7293"}],"wp:featuredmedia":[{"embeddable":true,"href":"https:\/\/www.timecamp.com\/pl\/blog\/wp-json\/wp\/v2\/media\/8545"}],"wp:attachment":[{"href":"https:\/\/www.timecamp.com\/pl\/blog\/wp-json\/wp\/v2\/media?parent=4521"}],"wp:term":[{"taxonomy":"category","embeddable":true,"href":"https:\/\/www.timecamp.com\/pl\/blog\/wp-json\/wp\/v2\/categories?post=4521"},{"taxonomy":"post_tag","embeddable":true,"href":"https:\/\/www.timecamp.com\/pl\/blog\/wp-json\/wp\/v2\/tags?post=4521"}],"curies":[{"name":"wp","href":"https:\/\/api.w.org\/{rel}","templated":true}]}}