{"id":5050,"date":"2019-05-23T08:03:11","date_gmt":"2019-05-23T08:03:11","guid":{"rendered":"https:\/\/www.timecamp.com\/pl\/blog\/?p=5050"},"modified":"2026-02-10T11:59:56","modified_gmt":"2026-02-10T11:59:56","slug":"program-do-ewidencji-czasu-pracy","status":"publish","type":"post","link":"https:\/\/www.timecamp.com\/pl\/blog\/program-do-ewidencji-czasu-pracy\/","title":{"rendered":"Najlepszy program do ewidencji czasu pracy z Polski"},"content":{"rendered":"<p>Podpowiemy Ci, czym powiniene\u015b si\u0119 kierowa\u0107, wybieraj\u0105c sw\u00f3j program do ewidencji czasu pracy, tak, aby zaprzyja\u017ani\u0142 si\u0119 z Twoj\u0105 firm\u0105 ju\u017c na dobre.<\/p>\n<h2>Czy ewidencja czasu pracy dostarczy warto\u015bciowej informacji?<\/h2>\n<p><a href=\"https:\/\/www.timecamp.com\/pl\/blog\/2021\/05\/elektroniczna-ewidencja-pracy-najlepsze-programy\/\">Ewidencja czasu pracy<\/a> w formie papierowej mo\u017ce by\u0107 uci\u0105\u017cliwa i czasoch\u0142onna i nie rozwi\u0105zuje problemu faktycznej kontroli obecno\u015bci, sp\u00f3\u017anie\u0144 i nadgodzin. Takie problemy nie wyst\u0119puj\u0105 w sprawnie dzia\u0142aj\u0105cej aplikacji. Aplikacja TimeCamp obiektywnie zaraportuje faktyczny czas pracy, dzi\u0119ki czemu ewidencja czasu pracy opiera si\u0119 o realne dane.<\/p>\n<p><a href=\"https:\/\/www.timecamp.com\/pl\/blog\/wp-content\/uploads\/2021\/05\/01-blog-1.png\"><img loading=\"lazy\" decoding=\"async\" class=\"alignnone size-full wp-image-8361\" src=\"https:\/\/www.timecamp.com\/pl\/blog\/wp-content\/uploads\/2021\/05\/01-blog-1.png\" alt=\"\" width=\"759\" height=\"580\" srcset=\"https:\/\/www.timecamp.com\/pl\/blog\/wp-content\/uploads\/2021\/05\/01-blog-1.png 759w, https:\/\/www.timecamp.com\/pl\/blog\/wp-content\/uploads\/2021\/05\/01-blog-1-300x229.png 300w, https:\/\/www.timecamp.com\/pl\/blog\/wp-content\/uploads\/2021\/05\/01-blog-1-523x400.png 523w, https:\/\/www.timecamp.com\/pl\/blog\/wp-content\/uploads\/2021\/05\/01-blog-1-322x246.png 322w, https:\/\/www.timecamp.com\/pl\/blog\/wp-content\/uploads\/2021\/05\/01-blog-1-732x559.png 732w\" sizes=\"auto, (max-width: 759px) 100vw, 759px\" \/><\/a><\/p>\n<p style=\"text-align: center;\"><a class=\"custombutton\" target=\"_blank\" rel=\"noopener\" href=\"https:\/\/app.timecamp.com\/auth\/register\" title=\"TimeCamp register\">Wypr\u00f3buj TimeCamp za darmo<\/a><\/p>\n<h2>Ewidencja czasu pracy &#8211; raport obecno\u015bci<\/h2>\n<p>Raporty aplikacji TimeCamp s\u0105 niew\u0105tpliwie jedn\u0105 z jej mocnych stron. Na szczeg\u00f3ln\u0105 uwag\u0119 zas\u0142uguje tutaj raport Attendance, kt\u00f3ry mo\u017ce zast\u0105pi\u0107 <a href=\"https:\/\/www.timecamp.com\/pl\/blog\/2021\/06\/lista-obecnosci-online\/\">list\u0119 obecno\u015bci<\/a> oraz sta\u0107 si\u0119 pe\u0142noprawnym programem do ewidencji czasu pracy w firmie.<\/p>\n<p>Raport ten pozwala na zarz\u0105danie urlopami, nieobecno\u015bciami oraz zwolnieniami lekarskimi. Ka\u017cdy pracownik ma dost\u0119p do swojego raportu, dzi\u0119ki czemu mo\u017ce weryfikowa\u0107 ilo\u015b\u0107 dost\u0119pnych dni wolnych.<\/p>\n<p>Sprawd\u017a r\u00f3wnie\u017c: <a href=\"https:\/\/www.timecamp.com\/pl\/rejestracja-czasu-pracy\/\">System rejestracji czasu pracy<\/a><\/p>\n<p><a href=\"https:\/\/www.timecamp.com\/pl\/blog\/wp-content\/uploads\/2019\/05\/05-blog-1.png\"><img loading=\"lazy\" decoding=\"async\" class=\"alignnone size-full wp-image-8441\" src=\"https:\/\/www.timecamp.com\/pl\/blog\/wp-content\/uploads\/2019\/05\/05-blog-1.png\" alt=\"\" width=\"759\" height=\"639\" srcset=\"https:\/\/www.timecamp.com\/pl\/blog\/wp-content\/uploads\/2019\/05\/05-blog-1.png 759w, https:\/\/www.timecamp.com\/pl\/blog\/wp-content\/uploads\/2019\/05\/05-blog-1-300x253.png 300w, https:\/\/www.timecamp.com\/pl\/blog\/wp-content\/uploads\/2019\/05\/05-blog-1-475x400.png 475w, https:\/\/www.timecamp.com\/pl\/blog\/wp-content\/uploads\/2019\/05\/05-blog-1-292x246.png 292w, https:\/\/www.timecamp.com\/pl\/blog\/wp-content\/uploads\/2019\/05\/05-blog-1-664x559.png 664w\" sizes=\"auto, (max-width: 759px) 100vw, 759px\" \/><\/a><\/p>\n<h2>Raport obecno\u015bci, z czym to si\u0119 je?<\/h2>\n<p>Raport Obecno\u015bci umo\u017cliwia ewidencj\u0119 czasu pracy dla dowolnego przedzia\u0142u czasowego, dla wybranego pracownika lub ca\u0142ego dzia\u0142u. Raport czytelnie przedstawia u\u015brednione wyniki czasu pracy pracownika za wybrany okres. Godziny rozpocz\u0119cia i zako\u0144czenia pracy pozwalaj\u0105 w prosty spos\u00f3b zweryfikowa\u0107 czy pracownik sp\u00f3znia si\u0119 do pracy lub ma nadgodziny. Dla ka\u017cdego dnia roboczego pracownik lub prze\u0142o\u017cony mo\u017ce zaraportowa\u0107 dowolny typ dnia, m.in. urlop wypoczynkowy, rodzicielski, chorobowy, delegacje. W podsumowaniu raportu widzimy ile dni urlopu wykorzysta\u0142 pracownik w danym miesi\u0105cu oraz ile pozosta\u0142o mu do wykorzystania. Jak wida\u0107, program umo\u017cliwia prost\u0105 ewidencj\u0119 czasu pracy.<\/p>\n<p class=\"p1\"><section id=\"contact_banner\">\n<div class=\"header\">\n    <span>Mierz rentowno\u015b\u0107 jak najlepsi<\/span><\/p>\n<p>Um\u00f3w prezentacj\u0119, i sprawd\u017c, jak dzia\u0142a TimeCamp skonfigurowany pod struktur\u0119 Twojej firmy, obieg danych oraz system raportowania.<\/p>\n<\/p><\/div>\n<div class=\"content\">\n<div class=\"image\">\n      <img decoding=\"async\" src=\"https:\/\/www.timecamp.com\/blog\/wp-content\/uploads\/2026\/02\/contact-banner-image.png\" alt=\"banner\">\n    <\/div>\n<div class=\"text\">\n      <span>Dlaczego warto si\u0119 z nami spotka\u0107?<\/span><\/p>\n<ul>\n<li>\n          <img decoding=\"async\" src=\"https:\/\/www.timecamp.com\/blog\/wp-content\/uploads\/2026\/02\/checkmark-blue.svg\" alt=\"icon\"><\/p>\n<p>Nasz konsultant oprowadzi ci\u0119 po produkcie i dostosuje ofert\u0119<\/p>\n<\/li>\n<li>\n          <img decoding=\"async\" src=\"https:\/\/www.timecamp.com\/blog\/wp-content\/uploads\/2026\/02\/checkmark-blue.svg\" alt=\"icon\"><\/p>\n<p>Odpowiemy na wszystkie Twoje pytania na \u017cywo<\/p>\n<\/li>\n<li>\n          <img decoding=\"async\" src=\"https:\/\/www.timecamp.com\/blog\/wp-content\/uploads\/2026\/02\/checkmark-blue.svg\" alt=\"icon\"><\/p>\n<p>Dowiesz si\u0119 jak po\u0142\u0105czy\u0107 TimeCamp z narz\u0119dziami, kt\u00f3rych u\u017cywacie<\/p>\n<\/li>\n<\/ul><\/div>\n<\/p><\/div>\n<div class=\"buttons\">\n              <a\n            class=\"btn btn-filled orange\"\n            rel=\"nofollow\"\n            href=\"\"\n            onclick=\"\n              Calendly.initPopupWidget({\n                url: 'https:\/\/calendly.com\/timecamp-nkaleta\/20min?utm_source=web&#038;utm_medium=cta&#038;utm_campaign=widget&#038;utm_content=wdg_demo',\n              });\n              return false;\n            \"\n            >Um\u00f3w demo<\/a\n          >\n  <\/div>\n<div class=\"teams\">\n<div class=\"text-with-line\">\n<div class=\"line\"><\/div>\n<p class=\"text\">Do\u0142\u0105cz do 18,000+ zadowolonych zespo\u0142\u00f3w<\/p>\n<div class=\"line\"><\/div>\n<\/p><\/div>\n<div class=\"icons\">\n      <img decoding=\"async\" src=\"https:\/\/cdn-y.timecamp.com\/img\/components\/banner-contact-us\/icons\/pwc.svg\" alt=\"icon\"><img decoding=\"async\" src=\"https:\/\/cdn-y.timecamp.com\/img\/components\/banner-contact-us\/icons\/similarweb.svg\" alt=\"icon\"><img decoding=\"async\" src=\"https:\/\/cdn-y.timecamp.com\/img\/components\/banner-contact-us\/icons\/accenture.svg\" alt=\"icon\"><img decoding=\"async\" src=\"https:\/\/cdn-y.timecamp.com\/img\/components\/banner-contact-us\/icons\/roche.svg\" alt=\"icon\"><img decoding=\"async\" src=\"https:\/\/cdn-y.timecamp.com\/img\/components\/banner-contact-us\/icons\/havas.svg\" alt=\"icon\"><img decoding=\"async\" src=\"https:\/\/cdn-y.timecamp.com\/img\/components\/banner-contact-us\/icons\/dekra.svg\" alt=\"icon\">\n    <\/div>\n<\/p><\/div>\n<div class=\"image-mobile\">\n      <img decoding=\"async\" src=\"https:\/\/www.timecamp.com\/blog\/wp-content\/uploads\/2026\/02\/contact-banner-image.png\" alt=\"banner\">\n    <\/div>\n<div class=\"testimonial\">\n    <img decoding=\"async\" src=\"https:\/\/www.timecamp.com\/blog\/wp-content\/uploads\/2026\/02\/companies.svg\" alt=\"icon\"><img decoding=\"async\" src=\"https:\/\/www.timecamp.com\/pl\/blog\/wp-content\/uploads\/2026\/02\/reviews.png\" style=\"max-width: 250px !important;\" alt=\"icon\">\n  <\/div>\n<\/section>\n<link href=\"https:\/\/assets.calendly.com\/assets\/external\/widget.css\" rel=\"stylesheet\">\n<script src=\"https:\/\/assets.calendly.com\/assets\/external\/widget.js\" type=\"text\/javascript\" async><\/script><\/p>\n<\/p>\n<p>Polecamy: <a href=\"https:\/\/www.timecamp.com\/pl\/blog\/2023\/02\/10-aplikacji-do-sledzenia-czasu-pracy-dla-komputerow-mac-bonus\/\">10 aplikacji do \u015bledzenia czasu pracy na komputerach MAC<\/a><\/p>\n<blockquote><p><em><a href=\"https:\/\/www.timecamp.com\/pl\/blog\/wp-content\/uploads\/2019\/05\/smile-1.png\"><img loading=\"lazy\" decoding=\"async\" class=\"size-full wp-image-5167 alignleft\" src=\"https:\/\/www.timecamp.com\/pl\/blog\/wp-content\/uploads\/2019\/05\/smile-1.png\" alt=\"customer\" width=\"145\" height=\"145\" srcset=\"https:\/\/www.timecamp.com\/pl\/blog\/wp-content\/uploads\/2019\/05\/smile-1.png 145w, https:\/\/www.timecamp.com\/pl\/blog\/wp-content\/uploads\/2019\/05\/smile-1-100x100.png 100w\" sizes=\"auto, (max-width: 145px) 100vw, 145px\" \/><\/a>&#8222;Praca z aplikacj\u0105 TimeCamp jest bardzo \u0142atwa. Po prostu wybieram zadanie i klikam na timer. Dzi\u0119ki temu nie musz\u0119 pami\u0119ta\u0107 ile czasu sp\u0119dzi\u0142am nad zadaniem. Aplikacja zlicza ca\u0142y sp\u0119dzony czas. Mog\u0119 nawet doda\u0107 czas r\u0119cznie. Bardzo polecam to narz\u0119dzie dla os\u00f3b szukaj\u0105cych taniego rozwi\u0105zania problemu zliczania czasu w zadaniach i projektach.&#8221;<\/em><\/p><\/blockquote>\n<p style=\"text-align: center;\">&#8211; Bharti P.<\/p>\n<p>&nbsp;<\/p>\n<h2>Ewidencja czasu pracy w programie TimeCamp &#8211; podsumowanie<\/h2>\n<table class=\"aligncenter\" style=\"height: 181px; width: 100%; border-collapse: collapse; border-style: solid;\" border=\"2\">\n<tbody>\n<tr style=\"height: 48px;\">\n<td style=\"width: 50%; height: 48px;\">Automatyczny pomiar godzin w\u0142\u0105czenia i wy\u0142\u0105czenia komputera<\/td>\n<td style=\"width: 50%; height: 48px;\">System bez ingerencji pracownika zaraportuje godziny rozpocz\u0119cia i zako\u0144czenia pracy<\/td>\n<\/tr>\n<tr style=\"height: 24px;\">\n<td style=\"width: 50%; height: 24px;\">Zarz\u0105dzanie urlopami i czasem pracy<\/td>\n<td style=\"width: 50%; height: 24px;\">W jednym miejscu mo\u017cna uzyska\u0107 wgl\u0105d w czas pracy oraz zaplanowa\u0107 przysz\u0142e dni wolne<\/td>\n<\/tr>\n<tr style=\"height: 24px;\">\n<td style=\"width: 50%; height: 24px;\">Pe\u0142na automatyzacja<\/td>\n<td style=\"width: 50%; height: 24px;\">Czas uzyskany w raporcie zlicza si\u0119 automatycznie po w\u0142\u0105czeniu komputera, zapomnij o raportach papierowych<\/td>\n<\/tr>\n<tr style=\"height: 24px;\">\n<td style=\"width: 50%; height: 24px;\">Wyeksportowanie danych<\/td>\n<td style=\"width: 50%; height: 24px;\">Istnieje mo\u017cliwo\u015b\u0107 wygenerowania pliku excel<\/td>\n<\/tr>\n<\/tbody>\n<\/table>\n<p style=\"text-align: center;\"><a class=\"custombutton\" target=\"_blank\" rel=\"noopener\" href=\"https:\/\/app.timecamp.com\/auth\/register\" title=\"TimeCamp register\">Za\u0142\u00f3\u017c konto<\/a><\/p>\n<h2><\/h2>\n","protected":false},"excerpt":{"rendered":"<p>Podpowiemy Ci, czym powiniene\u015b si\u0119 kierowa\u0107, wybieraj\u0105c sw\u00f3j program do ewidencji czasu pracy, tak, aby zaprzyja\u017ani\u0142 si\u0119 z Twoj\u0105 firm\u0105 ju\u017c na dobre. Czy ewidencja czasu pracy dostarczy warto\u015bciowej informacji? Ewidencja czasu pracy w formie papierowej mo\u017ce by\u0107 uci\u0105\u017cliwa i czasoch\u0142onna i nie rozwi\u0105zuje problemu faktycznej kontroli obecno\u015bci, sp\u00f3\u017anie\u0144 i nadgodzin. Takie problemy nie wyst\u0119puj\u0105 [&hellip;]<\/p>\n","protected":false},"author":9,"featured_media":8442,"comment_status":"closed","ping_status":"open","sticky":false,"template":"","format":"standard","meta":{"_acf_changed":false,"_glsr_average":0,"_glsr_ranking":0,"_glsr_reviews":0,"footnotes":""},"categories":[33],"tags":[],"class_list":["post-5050","post","type-post","status-publish","format-standard","has-post-thumbnail","hentry","category-marketing"],"acf":[],"yoast_head":"<!-- This site is optimized with the Yoast SEO plugin v25.4 - https:\/\/yoast.com\/wordpress\/plugins\/seo\/ -->\n<title>Najlepszy program do ewidencji czasu pracy z Polski - TimeCamp Blog \u2013 Zarz\u0105dzanie czasem<\/title>\n<meta name=\"description\" content=\"Podpowiemy Ci, czym powiniene\u015b si\u0119 kierowa\u0107, wybieraj\u0105c sw\u00f3j program do ewidencji czasu pracy, tak, aby zaprzyja\u017ani\u0142 si\u0119 z Twoj\u0105 firm\u0105.\" \/>\n<meta name=\"robots\" content=\"index, follow, max-snippet:-1, max-image-preview:large, max-video-preview:-1\" \/>\n<link rel=\"canonical\" href=\"https:\/\/www.timecamp.com\/pl\/blog\/program-do-ewidencji-czasu-pracy\/\" \/>\n<meta property=\"og:locale\" content=\"pl_PL\" \/>\n<meta property=\"og:type\" content=\"article\" \/>\n<meta property=\"og:title\" content=\"Najlepszy program do ewidencji czasu pracy z Polski - TimeCamp Blog \u2013 Zarz\u0105dzanie czasem\" \/>\n<meta property=\"og:description\" content=\"Podpowiemy Ci, czym powiniene\u015b si\u0119 kierowa\u0107, wybieraj\u0105c sw\u00f3j program do ewidencji czasu pracy, tak, aby zaprzyja\u017ani\u0142 si\u0119 z Twoj\u0105 firm\u0105.\" \/>\n<meta property=\"og:url\" content=\"https:\/\/www.timecamp.com\/pl\/blog\/program-do-ewidencji-czasu-pracy\/\" \/>\n<meta property=\"og:site_name\" content=\"TimeCamp Blog \u2013 Zarz\u0105dzanie czasem\" \/>\n<meta property=\"article:published_time\" content=\"2019-05-23T08:03:11+00:00\" \/>\n<meta property=\"article:modified_time\" content=\"2026-02-10T11:59:56+00:00\" \/>\n<meta property=\"og:image\" content=\"https:\/\/www.timecamp.com\/pl\/blog\/wp-content\/uploads\/2019\/05\/Najlepszy-program-do-ewidencji-czasu-pracy-z-Polski.jpg\" \/>\n\t<meta property=\"og:image:width\" content=\"1260\" \/>\n\t<meta property=\"og:image:height\" content=\"860\" \/>\n\t<meta property=\"og:image:type\" content=\"image\/jpeg\" \/>\n<meta name=\"author\" content=\"Kamil Rudnicki\" \/>\n<meta name=\"twitter:label1\" content=\"Napisane przez\" \/>\n\t<meta name=\"twitter:data1\" content=\"Kamil Rudnicki\" \/>\n\t<meta name=\"twitter:label2\" content=\"Szacowany czas czytania\" \/>\n\t<meta name=\"twitter:data2\" content=\"3 minuty\" \/>\n<script type=\"application\/ld+json\" class=\"yoast-schema-graph\">{\"@context\":\"https:\/\/schema.org\",\"@graph\":[{\"@type\":\"WebPage\",\"@id\":\"https:\/\/www.timecamp.com\/pl\/blog\/program-do-ewidencji-czasu-pracy\/\",\"url\":\"https:\/\/www.timecamp.com\/pl\/blog\/program-do-ewidencji-czasu-pracy\/\",\"name\":\"Najlepszy program do ewidencji czasu pracy z Polski - TimeCamp Blog \u2013 Zarz\u0105dzanie czasem\",\"isPartOf\":{\"@id\":\"https:\/\/www.timecamp.com\/pl\/blog\/#website\"},\"primaryImageOfPage\":{\"@id\":\"https:\/\/www.timecamp.com\/pl\/blog\/program-do-ewidencji-czasu-pracy\/#primaryimage\"},\"image\":{\"@id\":\"https:\/\/www.timecamp.com\/pl\/blog\/program-do-ewidencji-czasu-pracy\/#primaryimage\"},\"thumbnailUrl\":\"https:\/\/www.timecamp.com\/pl\/blog\/wp-content\/uploads\/2019\/05\/Najlepszy-program-do-ewidencji-czasu-pracy-z-Polski.jpg\",\"datePublished\":\"2019-05-23T08:03:11+00:00\",\"dateModified\":\"2026-02-10T11:59:56+00:00\",\"author\":{\"@id\":\"https:\/\/www.timecamp.com\/pl\/blog\/#\/schema\/person\/7c1cd3ae8829e3ab94318a405578c28f\"},\"description\":\"Podpowiemy Ci, czym powiniene\u015b si\u0119 kierowa\u0107, wybieraj\u0105c sw\u00f3j program do ewidencji czasu pracy, tak, aby zaprzyja\u017ani\u0142 si\u0119 z Twoj\u0105 firm\u0105.\",\"breadcrumb\":{\"@id\":\"https:\/\/www.timecamp.com\/pl\/blog\/program-do-ewidencji-czasu-pracy\/#breadcrumb\"},\"inLanguage\":\"pl-PL\",\"potentialAction\":[{\"@type\":\"ReadAction\",\"target\":[\"https:\/\/www.timecamp.com\/pl\/blog\/program-do-ewidencji-czasu-pracy\/\"]}]},{\"@type\":\"ImageObject\",\"inLanguage\":\"pl-PL\",\"@id\":\"https:\/\/www.timecamp.com\/pl\/blog\/program-do-ewidencji-czasu-pracy\/#primaryimage\",\"url\":\"https:\/\/www.timecamp.com\/pl\/blog\/wp-content\/uploads\/2019\/05\/Najlepszy-program-do-ewidencji-czasu-pracy-z-Polski.jpg\",\"contentUrl\":\"https:\/\/www.timecamp.com\/pl\/blog\/wp-content\/uploads\/2019\/05\/Najlepszy-program-do-ewidencji-czasu-pracy-z-Polski.jpg\",\"width\":1260,\"height\":860},{\"@type\":\"BreadcrumbList\",\"@id\":\"https:\/\/www.timecamp.com\/pl\/blog\/program-do-ewidencji-czasu-pracy\/#breadcrumb\",\"itemListElement\":[{\"@type\":\"ListItem\",\"position\":1,\"name\":\"Home\",\"item\":\"https:\/\/www.timecamp.com\/pl\/blog\/\"},{\"@type\":\"ListItem\",\"position\":2,\"name\":\"Najlepszy program do ewidencji czasu pracy z Polski\"}]},{\"@type\":\"WebSite\",\"@id\":\"https:\/\/www.timecamp.com\/pl\/blog\/#website\",\"url\":\"https:\/\/www.timecamp.com\/pl\/blog\/\",\"name\":\"TimeCamp Blog \u2013 Zarz\u0105dzanie czasem\",\"description\":\"TimeCamp\",\"potentialAction\":[{\"@type\":\"SearchAction\",\"target\":{\"@type\":\"EntryPoint\",\"urlTemplate\":\"https:\/\/www.timecamp.com\/pl\/blog\/?s={search_term_string}\"},\"query-input\":{\"@type\":\"PropertyValueSpecification\",\"valueRequired\":true,\"valueName\":\"search_term_string\"}}],\"inLanguage\":\"pl-PL\"},{\"@type\":\"Person\",\"@id\":\"https:\/\/www.timecamp.com\/pl\/blog\/#\/schema\/person\/7c1cd3ae8829e3ab94318a405578c28f\",\"name\":\"Kamil Rudnicki\",\"image\":{\"@type\":\"ImageObject\",\"inLanguage\":\"pl-PL\",\"@id\":\"https:\/\/www.timecamp.com\/pl\/blog\/#\/schema\/person\/image\/\",\"url\":\"https:\/\/secure.gravatar.com\/avatar\/923e13521d3c5b3312a4b425e07838ca96d524e125f380fc69f47532add1d2c4?s=96&d=mm&r=g\",\"contentUrl\":\"https:\/\/secure.gravatar.com\/avatar\/923e13521d3c5b3312a4b425e07838ca96d524e125f380fc69f47532add1d2c4?s=96&d=mm&r=g\",\"caption\":\"Kamil Rudnicki\"},\"description\":\"Kamil Rudnicki jest CEO i za\u0142o\u017cycielem TimeCamp, firmy specjalizuj\u0105cej si\u0119 w oprogramowaniu do \u015bledzenia czasu i zwi\u0119kszania produktywno\u015bci. Pod jego kierownictwem TimeCamp rozwin\u0105\u0142 si\u0119 z ma\u0142ego startupu w rozpoznawalnego gracza w bran\u017cy oprogramowania do \u015bledzenia czasu, oferuj\u0105c rozwi\u0105zania, kt\u00f3re pomagaj\u0105 firmom i jednostkom monitorowa\u0107 czas sp\u0119dzany na zadaniach, poprawia\u0107 produktywno\u015b\u0107 i usprawnia\u0107 przep\u0142ywy pracy. Kamil jest znany ze swojej wiedzy z zakresu rozwoju oprogramowania, przedsi\u0119biorczo\u015bci oraz zaanga\u017cowania w wykorzystanie technologii do zwi\u0119kszania efektywno\u015bci pracy.\",\"url\":\"https:\/\/www.timecamp.com\/pl\/blog\/author\/kamil-rudnicki\/\"}]}<\/script>\n<!-- \/ Yoast SEO plugin. -->","yoast_head_json":{"title":"Najlepszy program do ewidencji czasu pracy z Polski - TimeCamp Blog \u2013 Zarz\u0105dzanie czasem","description":"Podpowiemy Ci, czym powiniene\u015b si\u0119 kierowa\u0107, wybieraj\u0105c sw\u00f3j program do ewidencji czasu pracy, tak, aby zaprzyja\u017ani\u0142 si\u0119 z Twoj\u0105 firm\u0105.","robots":{"index":"index","follow":"follow","max-snippet":"max-snippet:-1","max-image-preview":"max-image-preview:large","max-video-preview":"max-video-preview:-1"},"canonical":"https:\/\/www.timecamp.com\/pl\/blog\/program-do-ewidencji-czasu-pracy\/","og_locale":"pl_PL","og_type":"article","og_title":"Najlepszy program do ewidencji czasu pracy z Polski - TimeCamp Blog \u2013 Zarz\u0105dzanie czasem","og_description":"Podpowiemy Ci, czym powiniene\u015b si\u0119 kierowa\u0107, wybieraj\u0105c sw\u00f3j program do ewidencji czasu pracy, tak, aby zaprzyja\u017ani\u0142 si\u0119 z Twoj\u0105 firm\u0105.","og_url":"https:\/\/www.timecamp.com\/pl\/blog\/program-do-ewidencji-czasu-pracy\/","og_site_name":"TimeCamp Blog \u2013 Zarz\u0105dzanie czasem","article_published_time":"2019-05-23T08:03:11+00:00","article_modified_time":"2026-02-10T11:59:56+00:00","og_image":[{"width":1260,"height":860,"url":"https:\/\/www.timecamp.com\/pl\/blog\/wp-content\/uploads\/2019\/05\/Najlepszy-program-do-ewidencji-czasu-pracy-z-Polski.jpg","type":"image\/jpeg"}],"author":"Kamil Rudnicki","twitter_misc":{"Napisane przez":"Kamil Rudnicki","Szacowany czas czytania":"3 minuty"},"schema":{"@context":"https:\/\/schema.org","@graph":[{"@type":"WebPage","@id":"https:\/\/www.timecamp.com\/pl\/blog\/program-do-ewidencji-czasu-pracy\/","url":"https:\/\/www.timecamp.com\/pl\/blog\/program-do-ewidencji-czasu-pracy\/","name":"Najlepszy program do ewidencji czasu pracy z Polski - TimeCamp Blog \u2013 Zarz\u0105dzanie czasem","isPartOf":{"@id":"https:\/\/www.timecamp.com\/pl\/blog\/#website"},"primaryImageOfPage":{"@id":"https:\/\/www.timecamp.com\/pl\/blog\/program-do-ewidencji-czasu-pracy\/#primaryimage"},"image":{"@id":"https:\/\/www.timecamp.com\/pl\/blog\/program-do-ewidencji-czasu-pracy\/#primaryimage"},"thumbnailUrl":"https:\/\/www.timecamp.com\/pl\/blog\/wp-content\/uploads\/2019\/05\/Najlepszy-program-do-ewidencji-czasu-pracy-z-Polski.jpg","datePublished":"2019-05-23T08:03:11+00:00","dateModified":"2026-02-10T11:59:56+00:00","author":{"@id":"https:\/\/www.timecamp.com\/pl\/blog\/#\/schema\/person\/7c1cd3ae8829e3ab94318a405578c28f"},"description":"Podpowiemy Ci, czym powiniene\u015b si\u0119 kierowa\u0107, wybieraj\u0105c sw\u00f3j program do ewidencji czasu pracy, tak, aby zaprzyja\u017ani\u0142 si\u0119 z Twoj\u0105 firm\u0105.","breadcrumb":{"@id":"https:\/\/www.timecamp.com\/pl\/blog\/program-do-ewidencji-czasu-pracy\/#breadcrumb"},"inLanguage":"pl-PL","potentialAction":[{"@type":"ReadAction","target":["https:\/\/www.timecamp.com\/pl\/blog\/program-do-ewidencji-czasu-pracy\/"]}]},{"@type":"ImageObject","inLanguage":"pl-PL","@id":"https:\/\/www.timecamp.com\/pl\/blog\/program-do-ewidencji-czasu-pracy\/#primaryimage","url":"https:\/\/www.timecamp.com\/pl\/blog\/wp-content\/uploads\/2019\/05\/Najlepszy-program-do-ewidencji-czasu-pracy-z-Polski.jpg","contentUrl":"https:\/\/www.timecamp.com\/pl\/blog\/wp-content\/uploads\/2019\/05\/Najlepszy-program-do-ewidencji-czasu-pracy-z-Polski.jpg","width":1260,"height":860},{"@type":"BreadcrumbList","@id":"https:\/\/www.timecamp.com\/pl\/blog\/program-do-ewidencji-czasu-pracy\/#breadcrumb","itemListElement":[{"@type":"ListItem","position":1,"name":"Home","item":"https:\/\/www.timecamp.com\/pl\/blog\/"},{"@type":"ListItem","position":2,"name":"Najlepszy program do ewidencji czasu pracy z Polski"}]},{"@type":"WebSite","@id":"https:\/\/www.timecamp.com\/pl\/blog\/#website","url":"https:\/\/www.timecamp.com\/pl\/blog\/","name":"TimeCamp Blog \u2013 Zarz\u0105dzanie czasem","description":"TimeCamp","potentialAction":[{"@type":"SearchAction","target":{"@type":"EntryPoint","urlTemplate":"https:\/\/www.timecamp.com\/pl\/blog\/?s={search_term_string}"},"query-input":{"@type":"PropertyValueSpecification","valueRequired":true,"valueName":"search_term_string"}}],"inLanguage":"pl-PL"},{"@type":"Person","@id":"https:\/\/www.timecamp.com\/pl\/blog\/#\/schema\/person\/7c1cd3ae8829e3ab94318a405578c28f","name":"Kamil Rudnicki","image":{"@type":"ImageObject","inLanguage":"pl-PL","@id":"https:\/\/www.timecamp.com\/pl\/blog\/#\/schema\/person\/image\/","url":"https:\/\/secure.gravatar.com\/avatar\/923e13521d3c5b3312a4b425e07838ca96d524e125f380fc69f47532add1d2c4?s=96&d=mm&r=g","contentUrl":"https:\/\/secure.gravatar.com\/avatar\/923e13521d3c5b3312a4b425e07838ca96d524e125f380fc69f47532add1d2c4?s=96&d=mm&r=g","caption":"Kamil Rudnicki"},"description":"Kamil Rudnicki jest CEO i za\u0142o\u017cycielem TimeCamp, firmy specjalizuj\u0105cej si\u0119 w oprogramowaniu do \u015bledzenia czasu i zwi\u0119kszania produktywno\u015bci. Pod jego kierownictwem TimeCamp rozwin\u0105\u0142 si\u0119 z ma\u0142ego startupu w rozpoznawalnego gracza w bran\u017cy oprogramowania do \u015bledzenia czasu, oferuj\u0105c rozwi\u0105zania, kt\u00f3re pomagaj\u0105 firmom i jednostkom monitorowa\u0107 czas sp\u0119dzany na zadaniach, poprawia\u0107 produktywno\u015b\u0107 i usprawnia\u0107 przep\u0142ywy pracy. Kamil jest znany ze swojej wiedzy z zakresu rozwoju oprogramowania, przedsi\u0119biorczo\u015bci oraz zaanga\u017cowania w wykorzystanie technologii do zwi\u0119kszania efektywno\u015bci pracy.","url":"https:\/\/www.timecamp.com\/pl\/blog\/author\/kamil-rudnicki\/"}]}},"_links":{"self":[{"href":"https:\/\/www.timecamp.com\/pl\/blog\/wp-json\/wp\/v2\/posts\/5050","targetHints":{"allow":["GET"]}}],"collection":[{"href":"https:\/\/www.timecamp.com\/pl\/blog\/wp-json\/wp\/v2\/posts"}],"about":[{"href":"https:\/\/www.timecamp.com\/pl\/blog\/wp-json\/wp\/v2\/types\/post"}],"author":[{"embeddable":true,"href":"https:\/\/www.timecamp.com\/pl\/blog\/wp-json\/wp\/v2\/users\/9"}],"replies":[{"embeddable":true,"href":"https:\/\/www.timecamp.com\/pl\/blog\/wp-json\/wp\/v2\/comments?post=5050"}],"version-history":[{"count":39,"href":"https:\/\/www.timecamp.com\/pl\/blog\/wp-json\/wp\/v2\/posts\/5050\/revisions"}],"predecessor-version":[{"id":8862,"href":"https:\/\/www.timecamp.com\/pl\/blog\/wp-json\/wp\/v2\/posts\/5050\/revisions\/8862"}],"wp:featuredmedia":[{"embeddable":true,"href":"https:\/\/www.timecamp.com\/pl\/blog\/wp-json\/wp\/v2\/media\/8442"}],"wp:attachment":[{"href":"https:\/\/www.timecamp.com\/pl\/blog\/wp-json\/wp\/v2\/media?parent=5050"}],"wp:term":[{"taxonomy":"category","embeddable":true,"href":"https:\/\/www.timecamp.com\/pl\/blog\/wp-json\/wp\/v2\/categories?post=5050"},{"taxonomy":"post_tag","embeddable":true,"href":"https:\/\/www.timecamp.com\/pl\/blog\/wp-json\/wp\/v2\/tags?post=5050"}],"curies":[{"name":"wp","href":"https:\/\/api.w.org\/{rel}","templated":true}]}}