{"id":5058,"date":"2019-06-03T05:44:08","date_gmt":"2019-06-03T05:44:08","guid":{"rendered":"https:\/\/www.timecamp.com\/pl\/blog\/?p=5058"},"modified":"2026-02-10T11:56:48","modified_gmt":"2026-02-10T11:56:48","slug":"mierzenie-czasu-pracy-jak-robic-to-efektywnie","status":"publish","type":"post","link":"https:\/\/www.timecamp.com\/pl\/blog\/mierzenie-czasu-pracy-jak-robic-to-efektywnie\/","title":{"rendered":"Mierzenie czasu pracy &#8211; jak robi\u0107 to efektywnie"},"content":{"rendered":"<p>Zapoznaj si\u0119 z dobrymi praktykami korzystania z programu do mierzenia czasu pracy i monitoruj prac\u0119 swojego zespo\u0142u ju\u017c teraz.<\/p>\n<h2>Mierzenie czasu pracy &#8211; program<\/h2>\n<p>Ostatnimi czasy kontrola czasu pracy przy komputerze sta\u0142a si\u0119 tematem dyskusji wielu manager\u00f3w. Okazuje si\u0119, \u017ce ka\u017cda stracona godzina mo\u017ce s\u0142ono kosztowa\u0107. Mo\u017cna tego unikn\u0105\u0107, stosuj\u0105c prosty i intuicyjny program do mierzenia czasu pracy. Przedstawimy dlaczego warto skorzysta\u0107 z naszego rozwi\u0105zania.<\/p>\n<h2>Mierzenie czasu pracy &#8211; najcz\u0119stsze pytania<\/h2>\n<p>Zaimplementowanie takiego rozwi\u0105zania mo\u017ce si\u0119 wydawa\u0107 kontrowersyjne dla pracownik\u00f3w ale po poznaniu jak dzia\u0142a aplikacja i do czego zosta\u0142a stworzona rozwiewa wszelkie obawy i w\u0105tpliwo\u015bci. Na samym pocz\u0105tku pojawiaj\u0105 si\u0119 pytania, czy szef mi nie ufa? Co z moj\u0105 prywatno\u015bci\u0105? O \u017cadnych naruszeniach nie ma tutaj mowy, zreszt\u0105 niech funkcjonalno\u015bci narz\u0119dzia TimeCamp m\u00f3wi\u0105 same za siebie.<\/p>\n<p>Sprawd\u017a r\u00f3wnie\u017c:\u00a0<a href=\"https:\/\/www.timecamp.com\/pl\/rejestracja-czasu-pracy\/\">System rejestracji czasu pracy<\/a><\/p>\n<p>&nbsp;<\/p>\n<p><a href=\"https:\/\/www.timecamp.com\/pl\/blog\/wp-content\/uploads\/2020\/06\/09-blog.png\"><img loading=\"lazy\" decoding=\"async\" class=\"alignnone size-full wp-image-8812\" src=\"https:\/\/www.timecamp.com\/pl\/blog\/wp-content\/uploads\/2020\/06\/09-blog.png\" alt=\"\" width=\"759\" height=\"682\" srcset=\"https:\/\/www.timecamp.com\/pl\/blog\/wp-content\/uploads\/2020\/06\/09-blog.png 759w, https:\/\/www.timecamp.com\/pl\/blog\/wp-content\/uploads\/2020\/06\/09-blog-300x270.png 300w, https:\/\/www.timecamp.com\/pl\/blog\/wp-content\/uploads\/2020\/06\/09-blog-445x400.png 445w, https:\/\/www.timecamp.com\/pl\/blog\/wp-content\/uploads\/2020\/06\/09-blog-274x246.png 274w, https:\/\/www.timecamp.com\/pl\/blog\/wp-content\/uploads\/2020\/06\/09-blog-622x559.png 622w\" sizes=\"auto, (max-width: 759px) 100vw, 759px\" \/><\/a><\/p>\n<h2>Mierzenie czasu pracy &#8211; dobre praktyki<\/h2>\n<p>Pierwsz\u0105 rzecz\u0105, o kt\u00f3rej nale\u017cy pami\u0119ta\u0107 to poinformowanie pracownik\u00f3w o zastosowaniu wobec nich narz\u0119dzia do mierzenia czasu ich pracy. Jasne zasady oraz brak jakichkolwiek ukrytych gwiazdek, kruczk\u00f3w sprawi, \u017ce wdro\u017cenie takiej aplikacji przejdzie bezproblemowo. Kolejne warto te\u017c powiedzie\u0107 dlaczego samo rozwi\u0105zanie jest u\u017cywane. Je\u015bli po testach wida\u0107, \u017ce jeden z dzia\u0142\u00f3w m\u00f3g\u0142by pracowa\u0107 lepiej warto o tym wspomnie\u0107, ale wiadomo, bez wskazywania palcem na konkretne osoby. Ka\u017cdy zaczyna z czyst\u0105 kart\u0105. Poinformowa\u0107 jakie s\u0105 prawa i obowi\u0105zki pracownika, co mo\u017ce robi\u0107 w aplikacji a czego nie b\u0119dzie m\u00f3g\u0142, oraz warto wyznaczy\u0107 osob\u0119 do egzekwowania raportowania czasu. Poka\u017c korzy\u015bci p\u0142yn\u0105ce z mierzenia czasu pracy, szybciej zako\u0144czone projekty, zmniejszenie koszt\u00f3w to, ciesz\u0105ce oko, poprawy. U\u0142atw te\u017c sobie prac\u0119, korzystaj z integracji dost\u0119pnych w aplikacji TimeCamp, eksportuj raporty do Excela. Dodatki te sprawi\u0105, \u017ce Twoja praca b\u0119dzie \u0142atwiejsza.<\/p>\n<p>Polecamy:\u00a0<a href=\"https:\/\/www.timecamp.com\/pl\/blog\/2023\/02\/10-aplikacji-do-sledzenia-czasu-pracy-dla-komputerow-mac-bonus\/\">10 aplikacji do \u015bledzenia czasu pracy na komputerach MAC<\/a><\/p>\n<h2>Mierzenie czasu pracy &#8211; zdrowy rozs\u0105dek przede wszystkim<\/h2>\n<p>Je\u015bli wszelkie w\u0105tpliwo\u015bci pracownika zosta\u0142y rozwiane, pozostaje ju\u017c tylko korzysta\u0107 udogodnie\u0144 aplikacji TimeCamp. Przed mened\u017cerem staje zadanie poinformowania o wszelkich istotnych kwestiach, zwi\u0105zanych z ewidencj\u0105 czasu pracy. Jednak nic nie zast\u0105pi zdrowego rozs\u0105dku. Oczywi\u015bcie, ka\u017cdy zas\u0142uguje na przerw\u0119 od pracy i oczywi\u015bcie ka\u017cdemu si\u0119 zdarzy podczas pracy wej\u015b\u0107 na strony niezwi\u0105zane z obwi\u0105zkami, jeste\u015bmy tylko lud\u017ami. Je\u015bli s\u0105 to sporadyczne przypadki, nie zas\u0142uguj\u0105 na reprymend\u0119. Problem si\u0119 zaczyna kiedy na raportach wi\u0119cej u\u015bwiadczymy koloru czerwonego, ale i z takich sytuacji mo\u017cna wyci\u0105gn\u0105\u0107 wnioski i naprawi\u0107 odst\u0119pstwo od normy. Tak\u017ce pami\u0119tajmy, zdrowy rozs\u0105dek i dobre praktyki &#8211; sukces gwarantowany.<\/p>\n<p class=\"p1\"><section id=\"contact_banner\">\n<div class=\"header\">\n    <span>Mierz rentowno\u015b\u0107 jak najlepsi<\/span><\/p>\n<p>Um\u00f3w prezentacj\u0119, i sprawd\u017c, jak dzia\u0142a TimeCamp skonfigurowany pod struktur\u0119 Twojej firmy, obieg danych oraz system raportowania.<\/p>\n<\/p><\/div>\n<div class=\"content\">\n<div class=\"image\">\n      <img decoding=\"async\" src=\"https:\/\/www.timecamp.com\/blog\/wp-content\/uploads\/2026\/02\/contact-banner-image.png\" alt=\"banner\">\n    <\/div>\n<div class=\"text\">\n      <span>Dlaczego warto si\u0119 z nami spotka\u0107?<\/span><\/p>\n<ul>\n<li>\n          <img decoding=\"async\" src=\"https:\/\/www.timecamp.com\/blog\/wp-content\/uploads\/2026\/02\/checkmark-blue.svg\" alt=\"icon\"><\/p>\n<p>Nasz konsultant oprowadzi ci\u0119 po produkcie i dostosuje ofert\u0119<\/p>\n<\/li>\n<li>\n          <img decoding=\"async\" src=\"https:\/\/www.timecamp.com\/blog\/wp-content\/uploads\/2026\/02\/checkmark-blue.svg\" alt=\"icon\"><\/p>\n<p>Odpowiemy na wszystkie Twoje pytania na \u017cywo<\/p>\n<\/li>\n<li>\n          <img decoding=\"async\" src=\"https:\/\/www.timecamp.com\/blog\/wp-content\/uploads\/2026\/02\/checkmark-blue.svg\" alt=\"icon\"><\/p>\n<p>Dowiesz si\u0119 jak po\u0142\u0105czy\u0107 TimeCamp z narz\u0119dziami, kt\u00f3rych u\u017cywacie<\/p>\n<\/li>\n<\/ul><\/div>\n<\/p><\/div>\n<div class=\"buttons\">\n              <a\n            class=\"btn btn-filled orange\"\n            rel=\"nofollow\"\n            href=\"\"\n            onclick=\"\n              Calendly.initPopupWidget({\n                url: 'https:\/\/calendly.com\/timecamp-nkaleta\/20min?utm_source=web&#038;utm_medium=cta&#038;utm_campaign=widget&#038;utm_content=wdg_demo',\n              });\n              return false;\n            \"\n            >Um\u00f3w demo<\/a\n          >\n  <\/div>\n<div class=\"teams\">\n<div class=\"text-with-line\">\n<div class=\"line\"><\/div>\n<p class=\"text\">Do\u0142\u0105cz do 18,000+ zadowolonych zespo\u0142\u00f3w<\/p>\n<div class=\"line\"><\/div>\n<\/p><\/div>\n<div class=\"icons\">\n      <img decoding=\"async\" src=\"https:\/\/cdn-y.timecamp.com\/img\/components\/banner-contact-us\/icons\/pwc.svg\" alt=\"icon\"><img decoding=\"async\" src=\"https:\/\/cdn-y.timecamp.com\/img\/components\/banner-contact-us\/icons\/similarweb.svg\" alt=\"icon\"><img decoding=\"async\" src=\"https:\/\/cdn-y.timecamp.com\/img\/components\/banner-contact-us\/icons\/accenture.svg\" alt=\"icon\"><img decoding=\"async\" src=\"https:\/\/cdn-y.timecamp.com\/img\/components\/banner-contact-us\/icons\/roche.svg\" alt=\"icon\"><img decoding=\"async\" src=\"https:\/\/cdn-y.timecamp.com\/img\/components\/banner-contact-us\/icons\/havas.svg\" alt=\"icon\"><img decoding=\"async\" src=\"https:\/\/cdn-y.timecamp.com\/img\/components\/banner-contact-us\/icons\/dekra.svg\" alt=\"icon\">\n    <\/div>\n<\/p><\/div>\n<div class=\"image-mobile\">\n      <img decoding=\"async\" src=\"https:\/\/www.timecamp.com\/blog\/wp-content\/uploads\/2026\/02\/contact-banner-image.png\" alt=\"banner\">\n    <\/div>\n<div class=\"testimonial\">\n    <img decoding=\"async\" src=\"https:\/\/www.timecamp.com\/blog\/wp-content\/uploads\/2026\/02\/companies.svg\" alt=\"icon\"><img decoding=\"async\" src=\"https:\/\/www.timecamp.com\/pl\/blog\/wp-content\/uploads\/2026\/02\/reviews.png\" style=\"max-width: 250px !important;\" alt=\"icon\">\n  <\/div>\n<\/section>\n<link href=\"https:\/\/assets.calendly.com\/assets\/external\/widget.css\" rel=\"stylesheet\">\n<script src=\"https:\/\/assets.calendly.com\/assets\/external\/widget.js\" type=\"text\/javascript\" async><\/script><\/p>\n<\/p>\n","protected":false},"excerpt":{"rendered":"<p>Zapoznaj si\u0119 z dobrymi praktykami korzystania z programu do mierzenia czasu pracy i monitoruj prac\u0119 swojego zespo\u0142u ju\u017c teraz. Mierzenie czasu pracy &#8211; program Ostatnimi czasy kontrola czasu pracy przy komputerze sta\u0142a si\u0119 tematem dyskusji wielu manager\u00f3w. Okazuje si\u0119, \u017ce ka\u017cda stracona godzina mo\u017ce s\u0142ono kosztowa\u0107. Mo\u017cna tego unikn\u0105\u0107, stosuj\u0105c prosty i intuicyjny program do [&hellip;]<\/p>\n","protected":false},"author":9,"featured_media":8429,"comment_status":"closed","ping_status":"open","sticky":false,"template":"","format":"standard","meta":{"_acf_changed":false,"_glsr_average":0,"_glsr_ranking":0,"_glsr_reviews":0,"footnotes":""},"categories":[33],"tags":[],"class_list":["post-5058","post","type-post","status-publish","format-standard","has-post-thumbnail","hentry","category-marketing"],"acf":[],"yoast_head":"<!-- This site is optimized with the Yoast SEO plugin v25.4 - https:\/\/yoast.com\/wordpress\/plugins\/seo\/ -->\n<title>Mierzenie czasu pracy - jak robi\u0107 to efektywnie - TimeCamp Blog \u2013 Zarz\u0105dzanie czasem<\/title>\n<meta name=\"description\" content=\"Zapoznaj si\u0119 z dobrymi praktykami korzystania z programu do mierzenia czasu pracy i monitoruj prac\u0119 swojego zespo\u0142u ju\u017c teraz.\" \/>\n<meta name=\"robots\" content=\"index, follow, max-snippet:-1, max-image-preview:large, max-video-preview:-1\" \/>\n<link rel=\"canonical\" href=\"https:\/\/www.timecamp.com\/pl\/blog\/mierzenie-czasu-pracy-jak-robic-to-efektywnie\/\" \/>\n<meta property=\"og:locale\" content=\"pl_PL\" \/>\n<meta property=\"og:type\" content=\"article\" \/>\n<meta property=\"og:title\" content=\"Mierzenie czasu pracy - jak robi\u0107 to efektywnie - TimeCamp Blog \u2013 Zarz\u0105dzanie czasem\" \/>\n<meta property=\"og:description\" content=\"Zapoznaj si\u0119 z dobrymi praktykami korzystania z programu do mierzenia czasu pracy i monitoruj prac\u0119 swojego zespo\u0142u ju\u017c teraz.\" \/>\n<meta property=\"og:url\" content=\"https:\/\/www.timecamp.com\/pl\/blog\/mierzenie-czasu-pracy-jak-robic-to-efektywnie\/\" \/>\n<meta property=\"og:site_name\" content=\"TimeCamp Blog \u2013 Zarz\u0105dzanie czasem\" \/>\n<meta property=\"article:published_time\" content=\"2019-06-03T05:44:08+00:00\" \/>\n<meta property=\"article:modified_time\" content=\"2026-02-10T11:56:48+00:00\" \/>\n<meta property=\"og:image\" content=\"https:\/\/www.timecamp.com\/pl\/blog\/wp-content\/uploads\/2019\/06\/Mierzenie-czasu-pracy-\u2013-jak-robic-to-efektywnie.jpg\" \/>\n\t<meta property=\"og:image:width\" content=\"1260\" \/>\n\t<meta property=\"og:image:height\" content=\"860\" \/>\n\t<meta property=\"og:image:type\" content=\"image\/jpeg\" \/>\n<meta name=\"author\" content=\"Kamil Rudnicki\" \/>\n<meta name=\"twitter:label1\" content=\"Napisane przez\" \/>\n\t<meta name=\"twitter:data1\" content=\"Kamil Rudnicki\" \/>\n\t<meta name=\"twitter:label2\" content=\"Szacowany czas czytania\" \/>\n\t<meta name=\"twitter:data2\" content=\"3 minuty\" \/>\n<script type=\"application\/ld+json\" class=\"yoast-schema-graph\">{\"@context\":\"https:\/\/schema.org\",\"@graph\":[{\"@type\":\"WebPage\",\"@id\":\"https:\/\/www.timecamp.com\/pl\/blog\/mierzenie-czasu-pracy-jak-robic-to-efektywnie\/\",\"url\":\"https:\/\/www.timecamp.com\/pl\/blog\/mierzenie-czasu-pracy-jak-robic-to-efektywnie\/\",\"name\":\"Mierzenie czasu pracy - jak robi\u0107 to efektywnie - TimeCamp Blog \u2013 Zarz\u0105dzanie czasem\",\"isPartOf\":{\"@id\":\"https:\/\/www.timecamp.com\/pl\/blog\/#website\"},\"primaryImageOfPage\":{\"@id\":\"https:\/\/www.timecamp.com\/pl\/blog\/mierzenie-czasu-pracy-jak-robic-to-efektywnie\/#primaryimage\"},\"image\":{\"@id\":\"https:\/\/www.timecamp.com\/pl\/blog\/mierzenie-czasu-pracy-jak-robic-to-efektywnie\/#primaryimage\"},\"thumbnailUrl\":\"https:\/\/www.timecamp.com\/pl\/blog\/wp-content\/uploads\/2019\/06\/Mierzenie-czasu-pracy-\u2013-jak-robic-to-efektywnie.jpg\",\"datePublished\":\"2019-06-03T05:44:08+00:00\",\"dateModified\":\"2026-02-10T11:56:48+00:00\",\"author\":{\"@id\":\"https:\/\/www.timecamp.com\/pl\/blog\/#\/schema\/person\/7c1cd3ae8829e3ab94318a405578c28f\"},\"description\":\"Zapoznaj si\u0119 z dobrymi praktykami korzystania z programu do mierzenia czasu pracy i monitoruj prac\u0119 swojego zespo\u0142u ju\u017c teraz.\",\"breadcrumb\":{\"@id\":\"https:\/\/www.timecamp.com\/pl\/blog\/mierzenie-czasu-pracy-jak-robic-to-efektywnie\/#breadcrumb\"},\"inLanguage\":\"pl-PL\",\"potentialAction\":[{\"@type\":\"ReadAction\",\"target\":[\"https:\/\/www.timecamp.com\/pl\/blog\/mierzenie-czasu-pracy-jak-robic-to-efektywnie\/\"]}]},{\"@type\":\"ImageObject\",\"inLanguage\":\"pl-PL\",\"@id\":\"https:\/\/www.timecamp.com\/pl\/blog\/mierzenie-czasu-pracy-jak-robic-to-efektywnie\/#primaryimage\",\"url\":\"https:\/\/www.timecamp.com\/pl\/blog\/wp-content\/uploads\/2019\/06\/Mierzenie-czasu-pracy-\u2013-jak-robic-to-efektywnie.jpg\",\"contentUrl\":\"https:\/\/www.timecamp.com\/pl\/blog\/wp-content\/uploads\/2019\/06\/Mierzenie-czasu-pracy-\u2013-jak-robic-to-efektywnie.jpg\",\"width\":1260,\"height\":860},{\"@type\":\"BreadcrumbList\",\"@id\":\"https:\/\/www.timecamp.com\/pl\/blog\/mierzenie-czasu-pracy-jak-robic-to-efektywnie\/#breadcrumb\",\"itemListElement\":[{\"@type\":\"ListItem\",\"position\":1,\"name\":\"Home\",\"item\":\"https:\/\/www.timecamp.com\/pl\/blog\/\"},{\"@type\":\"ListItem\",\"position\":2,\"name\":\"Mierzenie czasu pracy &#8211; jak robi\u0107 to efektywnie\"}]},{\"@type\":\"WebSite\",\"@id\":\"https:\/\/www.timecamp.com\/pl\/blog\/#website\",\"url\":\"https:\/\/www.timecamp.com\/pl\/blog\/\",\"name\":\"TimeCamp Blog \u2013 Zarz\u0105dzanie czasem\",\"description\":\"TimeCamp\",\"potentialAction\":[{\"@type\":\"SearchAction\",\"target\":{\"@type\":\"EntryPoint\",\"urlTemplate\":\"https:\/\/www.timecamp.com\/pl\/blog\/?s={search_term_string}\"},\"query-input\":{\"@type\":\"PropertyValueSpecification\",\"valueRequired\":true,\"valueName\":\"search_term_string\"}}],\"inLanguage\":\"pl-PL\"},{\"@type\":\"Person\",\"@id\":\"https:\/\/www.timecamp.com\/pl\/blog\/#\/schema\/person\/7c1cd3ae8829e3ab94318a405578c28f\",\"name\":\"Kamil Rudnicki\",\"image\":{\"@type\":\"ImageObject\",\"inLanguage\":\"pl-PL\",\"@id\":\"https:\/\/www.timecamp.com\/pl\/blog\/#\/schema\/person\/image\/\",\"url\":\"https:\/\/secure.gravatar.com\/avatar\/923e13521d3c5b3312a4b425e07838ca96d524e125f380fc69f47532add1d2c4?s=96&d=mm&r=g\",\"contentUrl\":\"https:\/\/secure.gravatar.com\/avatar\/923e13521d3c5b3312a4b425e07838ca96d524e125f380fc69f47532add1d2c4?s=96&d=mm&r=g\",\"caption\":\"Kamil Rudnicki\"},\"description\":\"Kamil Rudnicki jest CEO i za\u0142o\u017cycielem TimeCamp, firmy specjalizuj\u0105cej si\u0119 w oprogramowaniu do \u015bledzenia czasu i zwi\u0119kszania produktywno\u015bci. Pod jego kierownictwem TimeCamp rozwin\u0105\u0142 si\u0119 z ma\u0142ego startupu w rozpoznawalnego gracza w bran\u017cy oprogramowania do \u015bledzenia czasu, oferuj\u0105c rozwi\u0105zania, kt\u00f3re pomagaj\u0105 firmom i jednostkom monitorowa\u0107 czas sp\u0119dzany na zadaniach, poprawia\u0107 produktywno\u015b\u0107 i usprawnia\u0107 przep\u0142ywy pracy. Kamil jest znany ze swojej wiedzy z zakresu rozwoju oprogramowania, przedsi\u0119biorczo\u015bci oraz zaanga\u017cowania w wykorzystanie technologii do zwi\u0119kszania efektywno\u015bci pracy.\",\"url\":\"https:\/\/www.timecamp.com\/pl\/blog\/author\/kamil-rudnicki\/\"}]}<\/script>\n<!-- \/ Yoast SEO plugin. -->","yoast_head_json":{"title":"Mierzenie czasu pracy - jak robi\u0107 to efektywnie - TimeCamp Blog \u2013 Zarz\u0105dzanie czasem","description":"Zapoznaj si\u0119 z dobrymi praktykami korzystania z programu do mierzenia czasu pracy i monitoruj prac\u0119 swojego zespo\u0142u ju\u017c teraz.","robots":{"index":"index","follow":"follow","max-snippet":"max-snippet:-1","max-image-preview":"max-image-preview:large","max-video-preview":"max-video-preview:-1"},"canonical":"https:\/\/www.timecamp.com\/pl\/blog\/mierzenie-czasu-pracy-jak-robic-to-efektywnie\/","og_locale":"pl_PL","og_type":"article","og_title":"Mierzenie czasu pracy - jak robi\u0107 to efektywnie - TimeCamp Blog \u2013 Zarz\u0105dzanie czasem","og_description":"Zapoznaj si\u0119 z dobrymi praktykami korzystania z programu do mierzenia czasu pracy i monitoruj prac\u0119 swojego zespo\u0142u ju\u017c teraz.","og_url":"https:\/\/www.timecamp.com\/pl\/blog\/mierzenie-czasu-pracy-jak-robic-to-efektywnie\/","og_site_name":"TimeCamp Blog \u2013 Zarz\u0105dzanie czasem","article_published_time":"2019-06-03T05:44:08+00:00","article_modified_time":"2026-02-10T11:56:48+00:00","og_image":[{"width":1260,"height":860,"url":"https:\/\/www.timecamp.com\/pl\/blog\/wp-content\/uploads\/2019\/06\/Mierzenie-czasu-pracy-\u2013-jak-robic-to-efektywnie.jpg","type":"image\/jpeg"}],"author":"Kamil Rudnicki","twitter_misc":{"Napisane przez":"Kamil Rudnicki","Szacowany czas czytania":"3 minuty"},"schema":{"@context":"https:\/\/schema.org","@graph":[{"@type":"WebPage","@id":"https:\/\/www.timecamp.com\/pl\/blog\/mierzenie-czasu-pracy-jak-robic-to-efektywnie\/","url":"https:\/\/www.timecamp.com\/pl\/blog\/mierzenie-czasu-pracy-jak-robic-to-efektywnie\/","name":"Mierzenie czasu pracy - jak robi\u0107 to efektywnie - TimeCamp Blog \u2013 Zarz\u0105dzanie czasem","isPartOf":{"@id":"https:\/\/www.timecamp.com\/pl\/blog\/#website"},"primaryImageOfPage":{"@id":"https:\/\/www.timecamp.com\/pl\/blog\/mierzenie-czasu-pracy-jak-robic-to-efektywnie\/#primaryimage"},"image":{"@id":"https:\/\/www.timecamp.com\/pl\/blog\/mierzenie-czasu-pracy-jak-robic-to-efektywnie\/#primaryimage"},"thumbnailUrl":"https:\/\/www.timecamp.com\/pl\/blog\/wp-content\/uploads\/2019\/06\/Mierzenie-czasu-pracy-\u2013-jak-robic-to-efektywnie.jpg","datePublished":"2019-06-03T05:44:08+00:00","dateModified":"2026-02-10T11:56:48+00:00","author":{"@id":"https:\/\/www.timecamp.com\/pl\/blog\/#\/schema\/person\/7c1cd3ae8829e3ab94318a405578c28f"},"description":"Zapoznaj si\u0119 z dobrymi praktykami korzystania z programu do mierzenia czasu pracy i monitoruj prac\u0119 swojego zespo\u0142u ju\u017c teraz.","breadcrumb":{"@id":"https:\/\/www.timecamp.com\/pl\/blog\/mierzenie-czasu-pracy-jak-robic-to-efektywnie\/#breadcrumb"},"inLanguage":"pl-PL","potentialAction":[{"@type":"ReadAction","target":["https:\/\/www.timecamp.com\/pl\/blog\/mierzenie-czasu-pracy-jak-robic-to-efektywnie\/"]}]},{"@type":"ImageObject","inLanguage":"pl-PL","@id":"https:\/\/www.timecamp.com\/pl\/blog\/mierzenie-czasu-pracy-jak-robic-to-efektywnie\/#primaryimage","url":"https:\/\/www.timecamp.com\/pl\/blog\/wp-content\/uploads\/2019\/06\/Mierzenie-czasu-pracy-\u2013-jak-robic-to-efektywnie.jpg","contentUrl":"https:\/\/www.timecamp.com\/pl\/blog\/wp-content\/uploads\/2019\/06\/Mierzenie-czasu-pracy-\u2013-jak-robic-to-efektywnie.jpg","width":1260,"height":860},{"@type":"BreadcrumbList","@id":"https:\/\/www.timecamp.com\/pl\/blog\/mierzenie-czasu-pracy-jak-robic-to-efektywnie\/#breadcrumb","itemListElement":[{"@type":"ListItem","position":1,"name":"Home","item":"https:\/\/www.timecamp.com\/pl\/blog\/"},{"@type":"ListItem","position":2,"name":"Mierzenie czasu pracy &#8211; jak robi\u0107 to efektywnie"}]},{"@type":"WebSite","@id":"https:\/\/www.timecamp.com\/pl\/blog\/#website","url":"https:\/\/www.timecamp.com\/pl\/blog\/","name":"TimeCamp Blog \u2013 Zarz\u0105dzanie czasem","description":"TimeCamp","potentialAction":[{"@type":"SearchAction","target":{"@type":"EntryPoint","urlTemplate":"https:\/\/www.timecamp.com\/pl\/blog\/?s={search_term_string}"},"query-input":{"@type":"PropertyValueSpecification","valueRequired":true,"valueName":"search_term_string"}}],"inLanguage":"pl-PL"},{"@type":"Person","@id":"https:\/\/www.timecamp.com\/pl\/blog\/#\/schema\/person\/7c1cd3ae8829e3ab94318a405578c28f","name":"Kamil Rudnicki","image":{"@type":"ImageObject","inLanguage":"pl-PL","@id":"https:\/\/www.timecamp.com\/pl\/blog\/#\/schema\/person\/image\/","url":"https:\/\/secure.gravatar.com\/avatar\/923e13521d3c5b3312a4b425e07838ca96d524e125f380fc69f47532add1d2c4?s=96&d=mm&r=g","contentUrl":"https:\/\/secure.gravatar.com\/avatar\/923e13521d3c5b3312a4b425e07838ca96d524e125f380fc69f47532add1d2c4?s=96&d=mm&r=g","caption":"Kamil Rudnicki"},"description":"Kamil Rudnicki jest CEO i za\u0142o\u017cycielem TimeCamp, firmy specjalizuj\u0105cej si\u0119 w oprogramowaniu do \u015bledzenia czasu i zwi\u0119kszania produktywno\u015bci. Pod jego kierownictwem TimeCamp rozwin\u0105\u0142 si\u0119 z ma\u0142ego startupu w rozpoznawalnego gracza w bran\u017cy oprogramowania do \u015bledzenia czasu, oferuj\u0105c rozwi\u0105zania, kt\u00f3re pomagaj\u0105 firmom i jednostkom monitorowa\u0107 czas sp\u0119dzany na zadaniach, poprawia\u0107 produktywno\u015b\u0107 i usprawnia\u0107 przep\u0142ywy pracy. Kamil jest znany ze swojej wiedzy z zakresu rozwoju oprogramowania, przedsi\u0119biorczo\u015bci oraz zaanga\u017cowania w wykorzystanie technologii do zwi\u0119kszania efektywno\u015bci pracy.","url":"https:\/\/www.timecamp.com\/pl\/blog\/author\/kamil-rudnicki\/"}]}},"_links":{"self":[{"href":"https:\/\/www.timecamp.com\/pl\/blog\/wp-json\/wp\/v2\/posts\/5058","targetHints":{"allow":["GET"]}}],"collection":[{"href":"https:\/\/www.timecamp.com\/pl\/blog\/wp-json\/wp\/v2\/posts"}],"about":[{"href":"https:\/\/www.timecamp.com\/pl\/blog\/wp-json\/wp\/v2\/types\/post"}],"author":[{"embeddable":true,"href":"https:\/\/www.timecamp.com\/pl\/blog\/wp-json\/wp\/v2\/users\/9"}],"replies":[{"embeddable":true,"href":"https:\/\/www.timecamp.com\/pl\/blog\/wp-json\/wp\/v2\/comments?post=5058"}],"version-history":[{"count":19,"href":"https:\/\/www.timecamp.com\/pl\/blog\/wp-json\/wp\/v2\/posts\/5058\/revisions"}],"predecessor-version":[{"id":8856,"href":"https:\/\/www.timecamp.com\/pl\/blog\/wp-json\/wp\/v2\/posts\/5058\/revisions\/8856"}],"wp:featuredmedia":[{"embeddable":true,"href":"https:\/\/www.timecamp.com\/pl\/blog\/wp-json\/wp\/v2\/media\/8429"}],"wp:attachment":[{"href":"https:\/\/www.timecamp.com\/pl\/blog\/wp-json\/wp\/v2\/media?parent=5058"}],"wp:term":[{"taxonomy":"category","embeddable":true,"href":"https:\/\/www.timecamp.com\/pl\/blog\/wp-json\/wp\/v2\/categories?post=5058"},{"taxonomy":"post_tag","embeddable":true,"href":"https:\/\/www.timecamp.com\/pl\/blog\/wp-json\/wp\/v2\/tags?post=5058"}],"curies":[{"name":"wp","href":"https:\/\/api.w.org\/{rel}","templated":true}]}}