{"id":5107,"date":"2019-06-03T05:34:50","date_gmt":"2019-06-03T05:34:50","guid":{"rendered":"https:\/\/www.timecamp.com\/pl\/blog\/?p=5107"},"modified":"2026-02-10T11:57:16","modified_gmt":"2026-02-10T11:57:16","slug":"program-do-mierzenia-czasu-pracy-pracownikow-mobilnych","status":"publish","type":"post","link":"https:\/\/www.timecamp.com\/pl\/blog\/program-do-mierzenia-czasu-pracy-pracownikow-mobilnych\/","title":{"rendered":"Program do mierzenia czasu pracy pracownik\u00f3w mobilnych"},"content":{"rendered":"<p>Potrzebujesz sprawnego narz\u0119dzia do zliczania czasu pracy pracownik\u00f3w mobilnych? Poznaj TimeCamp i przekonaj si\u0119 jak \u0142atwe mo\u017ce by\u0107 zarz\u0105dzanie prac\u0105 zdaln\u0105.<\/p>\n<h2>Rozliczanie czasu pracy pracownik\u00f3w mobilnych<\/h2>\n<p>W celu dok\u0142adnego rozliczenia prac serwisant\u00f3w niezb\u0119dne jest narz\u0119dzie do raportowania czasu pracy. Notowanie czasu na kartce papieru lub w Excelu to archaizm i utrudnia sprawne zarz\u0105dzanie. Aplikacja mobilna TimeCamp pozwala na dok\u0142adne mierzenie czasu zada\u0144 pracownik\u00f3w w terenie. Ewidencja godzin pracy pracownik\u00f3w oraz rozliczanie z klientami nigdy nie by\u0142o prostsze.<\/p>\n<h2>Program do rozliczania czasu pracy &#8211; przewaga aplikacji mobilnej<\/h2>\n<p>Kiedy firma posiada pracownik\u00f3w zdalnych to w\u0142a\u015bnie aplikacja mobilna pomo\u017ce nam w tej sytuacji. Prosty interfejs, intuicyjno\u015b\u0107 to najwi\u0119ksze zalety takiego rozwi\u0105zania.<\/p>\n<p>Pracownik mo\u017ce mierzy\u0107 czas swoich aktywno\u015bci. Narz\u0119dzie pozwala na wgl\u0105d jak wykorzystany zosta\u0142 oraz na jaki\u015b stronach i aplikacjach sp\u0119dzili\u015bmy najwi\u0119cej czasu, wszystko to we w\u0142asnym raporcie. Mo\u017cemy tak\u017ce doda\u0107 notatk\u0119 kiedy chcemy si\u0119 podzieli\u0107 uwag\u0105 z naszym prze\u0142o\u017conym na temat naszego zadania, b\u0105d\u017a aby\u015bmy nie zapomnieli naszego toku dzia\u0142ania. I na ko\u0144cu mo\u017cemy jeszcze przes\u0142a\u0107 nasz timesheet do zatwierdzenia przez prze\u0142o\u017conego. Najwa\u017cniejsze dzia\u0142anie aby nasza praca zosta\u0142a potwierdzona.<\/p>\n<p>Sprawd\u017a r\u00f3wnie\u017c: <a href=\"https:\/\/www.timecamp.com\/pl\/rejestracja-czasu-pracy\/\">System rejestracji czasu pracy<\/a><\/p>\n<h2>Mierzenie czasu pracy aplikacj\u0105 mobiln\u0105 &#8211; korzy\u015bci<\/h2>\n<ul>\n<li>eliminacja r\u0119cznego rozliczania czasu przez serwisant\u00f3w<\/li>\n<li>dok\u0142adne rozliczenia czasu pracy z klientami<\/li>\n<li>dok\u0142adna wiedza dla menad\u017cerow ile czasu jest po\u015bwi\u0119cane na zadania<\/li>\n<li>dok\u0142adniejsze wyceny us\u0142ug dla klient\u00f3w<\/li>\n<\/ul>\n<h2>Program TimeCamp &#8211; aplikacja mobilna &#8211; podsumowanie<\/h2>\n<p><a href=\"https:\/\/www.timecamp.com\/pl\/blog\/wp-content\/uploads\/2019\/06\/10-blog-1.png\"><img loading=\"lazy\" decoding=\"async\" class=\"alignnone size-full wp-image-8432\" src=\"https:\/\/www.timecamp.com\/pl\/blog\/wp-content\/uploads\/2019\/06\/10-blog-1.png\" alt=\"\" width=\"759\" height=\"753\" srcset=\"https:\/\/www.timecamp.com\/pl\/blog\/wp-content\/uploads\/2019\/06\/10-blog-1.png 759w, https:\/\/www.timecamp.com\/pl\/blog\/wp-content\/uploads\/2019\/06\/10-blog-1-300x298.png 300w, https:\/\/www.timecamp.com\/pl\/blog\/wp-content\/uploads\/2019\/06\/10-blog-1-150x150.png 150w, https:\/\/www.timecamp.com\/pl\/blog\/wp-content\/uploads\/2019\/06\/10-blog-1-403x400.png 403w, https:\/\/www.timecamp.com\/pl\/blog\/wp-content\/uploads\/2019\/06\/10-blog-1-248x246.png 248w, https:\/\/www.timecamp.com\/pl\/blog\/wp-content\/uploads\/2019\/06\/10-blog-1-563x559.png 563w\" sizes=\"auto, (max-width: 759px) 100vw, 759px\" \/><\/a><\/p>\n<table style=\"height: 144px; width: 100%; border-collapse: collapse; border-style: solid;\" border=\"1\">\n<tbody>\n<tr style=\"height: 48px;\">\n<td style=\"width: 50%; height: 48px;\">Prostota wykonania<\/td>\n<td style=\"width: 50%; height: 48px;\">Przejrzysty interfejs, \u017cadnych ukrytych funkcji, wszystko wy\u0142o\u017cone jak na talerzu<\/td>\n<\/tr>\n<tr style=\"height: 24px;\">\n<td style=\"width: 50%; height: 24px;\">Wsparcie dla mened\u017cera<\/td>\n<td style=\"width: 50%; height: 24px;\">Aplikacja w \u0142atwy spos\u00f3b wspomo\u017ce zarz\u0105dzanie czasem pracy<\/td>\n<\/tr>\n<tr style=\"height: 48px;\">\n<td style=\"width: 50%; height: 48px;\">Funkcjonalno\u015b\u0107<\/td>\n<td style=\"width: 50%; height: 48px;\">Pracownik ma wgl\u0105d w swoje raporty i zadania, nad kt\u00f3rymi pracuje<\/td>\n<\/tr>\n<tr style=\"height: 24px;\">\n<td style=\"width: 50%; height: 24px;\">Dodawanie notatek do wykonywanych czynno\u015bci<\/td>\n<td style=\"width: 50%; height: 24px;\">Kiedy chcemy przekaza\u0107 prze\u0142o\u017conemu jak przebiega\u0142a praca<\/td>\n<\/tr>\n<\/tbody>\n<\/table>\n<p class=\"p1\"><section id=\"contact_banner\">\n<div class=\"header\">\n    <span>Mierz rentowno\u015b\u0107 jak najlepsi<\/span><\/p>\n<p>Um\u00f3w prezentacj\u0119, i sprawd\u017c, jak dzia\u0142a TimeCamp skonfigurowany pod struktur\u0119 Twojej firmy, obieg danych oraz system raportowania.<\/p>\n<\/p><\/div>\n<div class=\"content\">\n<div class=\"image\">\n      <img decoding=\"async\" src=\"https:\/\/www.timecamp.com\/blog\/wp-content\/uploads\/2026\/02\/contact-banner-image.png\" alt=\"banner\">\n    <\/div>\n<div class=\"text\">\n      <span>Dlaczego warto si\u0119 z nami spotka\u0107?<\/span><\/p>\n<ul>\n<li>\n          <img decoding=\"async\" src=\"https:\/\/www.timecamp.com\/blog\/wp-content\/uploads\/2026\/02\/checkmark-blue.svg\" alt=\"icon\"><\/p>\n<p>Nasz konsultant oprowadzi ci\u0119 po produkcie i dostosuje ofert\u0119<\/p>\n<\/li>\n<li>\n          <img decoding=\"async\" src=\"https:\/\/www.timecamp.com\/blog\/wp-content\/uploads\/2026\/02\/checkmark-blue.svg\" alt=\"icon\"><\/p>\n<p>Odpowiemy na wszystkie Twoje pytania na \u017cywo<\/p>\n<\/li>\n<li>\n          <img decoding=\"async\" src=\"https:\/\/www.timecamp.com\/blog\/wp-content\/uploads\/2026\/02\/checkmark-blue.svg\" alt=\"icon\"><\/p>\n<p>Dowiesz si\u0119 jak po\u0142\u0105czy\u0107 TimeCamp z narz\u0119dziami, kt\u00f3rych u\u017cywacie<\/p>\n<\/li>\n<\/ul><\/div>\n<\/p><\/div>\n<div class=\"buttons\">\n              <a\n            class=\"btn btn-filled orange\"\n            rel=\"nofollow\"\n            href=\"\"\n            onclick=\"\n              Calendly.initPopupWidget({\n                url: 'https:\/\/calendly.com\/timecamp-nkaleta\/20min?utm_source=web&#038;utm_medium=cta&#038;utm_campaign=widget&#038;utm_content=wdg_demo',\n              });\n              return false;\n            \"\n            >Um\u00f3w demo<\/a\n          >\n  <\/div>\n<div class=\"teams\">\n<div class=\"text-with-line\">\n<div class=\"line\"><\/div>\n<p class=\"text\">Do\u0142\u0105cz do 18,000+ zadowolonych zespo\u0142\u00f3w<\/p>\n<div class=\"line\"><\/div>\n<\/p><\/div>\n<div class=\"icons\">\n      <img decoding=\"async\" src=\"https:\/\/cdn-y.timecamp.com\/img\/components\/banner-contact-us\/icons\/pwc.svg\" alt=\"icon\"><img decoding=\"async\" src=\"https:\/\/cdn-y.timecamp.com\/img\/components\/banner-contact-us\/icons\/similarweb.svg\" alt=\"icon\"><img decoding=\"async\" src=\"https:\/\/cdn-y.timecamp.com\/img\/components\/banner-contact-us\/icons\/accenture.svg\" alt=\"icon\"><img decoding=\"async\" src=\"https:\/\/cdn-y.timecamp.com\/img\/components\/banner-contact-us\/icons\/roche.svg\" alt=\"icon\"><img decoding=\"async\" src=\"https:\/\/cdn-y.timecamp.com\/img\/components\/banner-contact-us\/icons\/havas.svg\" alt=\"icon\"><img decoding=\"async\" src=\"https:\/\/cdn-y.timecamp.com\/img\/components\/banner-contact-us\/icons\/dekra.svg\" alt=\"icon\">\n    <\/div>\n<\/p><\/div>\n<div class=\"image-mobile\">\n      <img decoding=\"async\" src=\"https:\/\/www.timecamp.com\/blog\/wp-content\/uploads\/2026\/02\/contact-banner-image.png\" alt=\"banner\">\n    <\/div>\n<div class=\"testimonial\">\n    <img decoding=\"async\" src=\"https:\/\/www.timecamp.com\/blog\/wp-content\/uploads\/2026\/02\/companies.svg\" alt=\"icon\"><img decoding=\"async\" src=\"https:\/\/www.timecamp.com\/pl\/blog\/wp-content\/uploads\/2026\/02\/reviews.png\" style=\"max-width: 250px !important;\" alt=\"icon\">\n  <\/div>\n<\/section>\n<link href=\"https:\/\/assets.calendly.com\/assets\/external\/widget.css\" rel=\"stylesheet\">\n<script src=\"https:\/\/assets.calendly.com\/assets\/external\/widget.js\" type=\"text\/javascript\" async><\/script><\/p>\n<\/p>\n","protected":false},"excerpt":{"rendered":"<p>Potrzebujesz sprawnego narz\u0119dzia do zliczania czasu pracy pracownik\u00f3w mobilnych? Poznaj TimeCamp i przekonaj si\u0119 jak \u0142atwe mo\u017ce by\u0107 zarz\u0105dzanie prac\u0105 zdaln\u0105. Rozliczanie czasu pracy pracownik\u00f3w mobilnych W celu dok\u0142adnego rozliczenia prac serwisant\u00f3w niezb\u0119dne jest narz\u0119dzie do raportowania czasu pracy. Notowanie czasu na kartce papieru lub w Excelu to archaizm i utrudnia sprawne zarz\u0105dzanie. Aplikacja mobilna [&hellip;]<\/p>\n","protected":false},"author":9,"featured_media":8431,"comment_status":"closed","ping_status":"open","sticky":false,"template":"","format":"standard","meta":{"_acf_changed":false,"_glsr_average":0,"_glsr_ranking":0,"_glsr_reviews":0,"footnotes":""},"categories":[33],"tags":[],"class_list":["post-5107","post","type-post","status-publish","format-standard","has-post-thumbnail","hentry","category-marketing"],"acf":[],"yoast_head":"<!-- This site is optimized with the Yoast SEO plugin v25.4 - https:\/\/yoast.com\/wordpress\/plugins\/seo\/ -->\n<title>Program do mierzenia czasu pracy pracownik\u00f3w mobilnych - TimeCamp Blog \u2013 Zarz\u0105dzanie czasem<\/title>\n<meta name=\"description\" content=\"Potrzebujesz sprawnego narz\u0119dzia do zliczania czasu pracy pracownik\u00f3w mobilnych? Poznaj TimeCamp i przekonaj si\u0119 jak \u0142atwe mo\u017ce by\u0107 zarz\u0105dzanie prac\u0105 zdaln\u0105.\" \/>\n<meta name=\"robots\" content=\"index, follow, max-snippet:-1, max-image-preview:large, max-video-preview:-1\" \/>\n<link rel=\"canonical\" href=\"https:\/\/www.timecamp.com\/pl\/blog\/program-do-mierzenia-czasu-pracy-pracownikow-mobilnych\/\" \/>\n<meta property=\"og:locale\" content=\"pl_PL\" \/>\n<meta property=\"og:type\" content=\"article\" \/>\n<meta property=\"og:title\" content=\"Program do mierzenia czasu pracy pracownik\u00f3w mobilnych - TimeCamp Blog \u2013 Zarz\u0105dzanie czasem\" \/>\n<meta property=\"og:description\" content=\"Potrzebujesz sprawnego narz\u0119dzia do zliczania czasu pracy pracownik\u00f3w mobilnych? Poznaj TimeCamp i przekonaj si\u0119 jak \u0142atwe mo\u017ce by\u0107 zarz\u0105dzanie prac\u0105 zdaln\u0105.\" \/>\n<meta property=\"og:url\" content=\"https:\/\/www.timecamp.com\/pl\/blog\/program-do-mierzenia-czasu-pracy-pracownikow-mobilnych\/\" \/>\n<meta property=\"og:site_name\" content=\"TimeCamp Blog \u2013 Zarz\u0105dzanie czasem\" \/>\n<meta property=\"article:published_time\" content=\"2019-06-03T05:34:50+00:00\" \/>\n<meta property=\"article:modified_time\" content=\"2026-02-10T11:57:16+00:00\" \/>\n<meta property=\"og:image\" content=\"https:\/\/www.timecamp.com\/pl\/blog\/wp-content\/uploads\/2019\/06\/Program-do-mierzenia-czasu-pracy-pracownikow-mobilnych.jpg\" \/>\n\t<meta property=\"og:image:width\" content=\"1260\" \/>\n\t<meta property=\"og:image:height\" content=\"860\" \/>\n\t<meta property=\"og:image:type\" content=\"image\/jpeg\" \/>\n<meta name=\"author\" content=\"Kamil Rudnicki\" \/>\n<meta name=\"twitter:label1\" content=\"Napisane przez\" \/>\n\t<meta name=\"twitter:data1\" content=\"Kamil Rudnicki\" \/>\n\t<meta name=\"twitter:label2\" content=\"Szacowany czas czytania\" \/>\n\t<meta name=\"twitter:data2\" content=\"3 minuty\" \/>\n<script type=\"application\/ld+json\" class=\"yoast-schema-graph\">{\"@context\":\"https:\/\/schema.org\",\"@graph\":[{\"@type\":\"WebPage\",\"@id\":\"https:\/\/www.timecamp.com\/pl\/blog\/program-do-mierzenia-czasu-pracy-pracownikow-mobilnych\/\",\"url\":\"https:\/\/www.timecamp.com\/pl\/blog\/program-do-mierzenia-czasu-pracy-pracownikow-mobilnych\/\",\"name\":\"Program do mierzenia czasu pracy pracownik\u00f3w mobilnych - TimeCamp Blog \u2013 Zarz\u0105dzanie czasem\",\"isPartOf\":{\"@id\":\"https:\/\/www.timecamp.com\/pl\/blog\/#website\"},\"primaryImageOfPage\":{\"@id\":\"https:\/\/www.timecamp.com\/pl\/blog\/program-do-mierzenia-czasu-pracy-pracownikow-mobilnych\/#primaryimage\"},\"image\":{\"@id\":\"https:\/\/www.timecamp.com\/pl\/blog\/program-do-mierzenia-czasu-pracy-pracownikow-mobilnych\/#primaryimage\"},\"thumbnailUrl\":\"https:\/\/www.timecamp.com\/pl\/blog\/wp-content\/uploads\/2019\/06\/Program-do-mierzenia-czasu-pracy-pracownikow-mobilnych.jpg\",\"datePublished\":\"2019-06-03T05:34:50+00:00\",\"dateModified\":\"2026-02-10T11:57:16+00:00\",\"author\":{\"@id\":\"https:\/\/www.timecamp.com\/pl\/blog\/#\/schema\/person\/7c1cd3ae8829e3ab94318a405578c28f\"},\"description\":\"Potrzebujesz sprawnego narz\u0119dzia do zliczania czasu pracy pracownik\u00f3w mobilnych? Poznaj TimeCamp i przekonaj si\u0119 jak \u0142atwe mo\u017ce by\u0107 zarz\u0105dzanie prac\u0105 zdaln\u0105.\",\"breadcrumb\":{\"@id\":\"https:\/\/www.timecamp.com\/pl\/blog\/program-do-mierzenia-czasu-pracy-pracownikow-mobilnych\/#breadcrumb\"},\"inLanguage\":\"pl-PL\",\"potentialAction\":[{\"@type\":\"ReadAction\",\"target\":[\"https:\/\/www.timecamp.com\/pl\/blog\/program-do-mierzenia-czasu-pracy-pracownikow-mobilnych\/\"]}]},{\"@type\":\"ImageObject\",\"inLanguage\":\"pl-PL\",\"@id\":\"https:\/\/www.timecamp.com\/pl\/blog\/program-do-mierzenia-czasu-pracy-pracownikow-mobilnych\/#primaryimage\",\"url\":\"https:\/\/www.timecamp.com\/pl\/blog\/wp-content\/uploads\/2019\/06\/Program-do-mierzenia-czasu-pracy-pracownikow-mobilnych.jpg\",\"contentUrl\":\"https:\/\/www.timecamp.com\/pl\/blog\/wp-content\/uploads\/2019\/06\/Program-do-mierzenia-czasu-pracy-pracownikow-mobilnych.jpg\",\"width\":1260,\"height\":860},{\"@type\":\"BreadcrumbList\",\"@id\":\"https:\/\/www.timecamp.com\/pl\/blog\/program-do-mierzenia-czasu-pracy-pracownikow-mobilnych\/#breadcrumb\",\"itemListElement\":[{\"@type\":\"ListItem\",\"position\":1,\"name\":\"Home\",\"item\":\"https:\/\/www.timecamp.com\/pl\/blog\/\"},{\"@type\":\"ListItem\",\"position\":2,\"name\":\"Program do mierzenia czasu pracy pracownik\u00f3w mobilnych\"}]},{\"@type\":\"WebSite\",\"@id\":\"https:\/\/www.timecamp.com\/pl\/blog\/#website\",\"url\":\"https:\/\/www.timecamp.com\/pl\/blog\/\",\"name\":\"TimeCamp Blog \u2013 Zarz\u0105dzanie czasem\",\"description\":\"TimeCamp\",\"potentialAction\":[{\"@type\":\"SearchAction\",\"target\":{\"@type\":\"EntryPoint\",\"urlTemplate\":\"https:\/\/www.timecamp.com\/pl\/blog\/?s={search_term_string}\"},\"query-input\":{\"@type\":\"PropertyValueSpecification\",\"valueRequired\":true,\"valueName\":\"search_term_string\"}}],\"inLanguage\":\"pl-PL\"},{\"@type\":\"Person\",\"@id\":\"https:\/\/www.timecamp.com\/pl\/blog\/#\/schema\/person\/7c1cd3ae8829e3ab94318a405578c28f\",\"name\":\"Kamil Rudnicki\",\"image\":{\"@type\":\"ImageObject\",\"inLanguage\":\"pl-PL\",\"@id\":\"https:\/\/www.timecamp.com\/pl\/blog\/#\/schema\/person\/image\/\",\"url\":\"https:\/\/secure.gravatar.com\/avatar\/923e13521d3c5b3312a4b425e07838ca96d524e125f380fc69f47532add1d2c4?s=96&d=mm&r=g\",\"contentUrl\":\"https:\/\/secure.gravatar.com\/avatar\/923e13521d3c5b3312a4b425e07838ca96d524e125f380fc69f47532add1d2c4?s=96&d=mm&r=g\",\"caption\":\"Kamil Rudnicki\"},\"description\":\"Kamil Rudnicki jest CEO i za\u0142o\u017cycielem TimeCamp, firmy specjalizuj\u0105cej si\u0119 w oprogramowaniu do \u015bledzenia czasu i zwi\u0119kszania produktywno\u015bci. Pod jego kierownictwem TimeCamp rozwin\u0105\u0142 si\u0119 z ma\u0142ego startupu w rozpoznawalnego gracza w bran\u017cy oprogramowania do \u015bledzenia czasu, oferuj\u0105c rozwi\u0105zania, kt\u00f3re pomagaj\u0105 firmom i jednostkom monitorowa\u0107 czas sp\u0119dzany na zadaniach, poprawia\u0107 produktywno\u015b\u0107 i usprawnia\u0107 przep\u0142ywy pracy. Kamil jest znany ze swojej wiedzy z zakresu rozwoju oprogramowania, przedsi\u0119biorczo\u015bci oraz zaanga\u017cowania w wykorzystanie technologii do zwi\u0119kszania efektywno\u015bci pracy.\",\"url\":\"https:\/\/www.timecamp.com\/pl\/blog\/author\/kamil-rudnicki\/\"}]}<\/script>\n<!-- \/ Yoast SEO plugin. -->","yoast_head_json":{"title":"Program do mierzenia czasu pracy pracownik\u00f3w mobilnych - TimeCamp Blog \u2013 Zarz\u0105dzanie czasem","description":"Potrzebujesz sprawnego narz\u0119dzia do zliczania czasu pracy pracownik\u00f3w mobilnych? Poznaj TimeCamp i przekonaj si\u0119 jak \u0142atwe mo\u017ce by\u0107 zarz\u0105dzanie prac\u0105 zdaln\u0105.","robots":{"index":"index","follow":"follow","max-snippet":"max-snippet:-1","max-image-preview":"max-image-preview:large","max-video-preview":"max-video-preview:-1"},"canonical":"https:\/\/www.timecamp.com\/pl\/blog\/program-do-mierzenia-czasu-pracy-pracownikow-mobilnych\/","og_locale":"pl_PL","og_type":"article","og_title":"Program do mierzenia czasu pracy pracownik\u00f3w mobilnych - TimeCamp Blog \u2013 Zarz\u0105dzanie czasem","og_description":"Potrzebujesz sprawnego narz\u0119dzia do zliczania czasu pracy pracownik\u00f3w mobilnych? Poznaj TimeCamp i przekonaj si\u0119 jak \u0142atwe mo\u017ce by\u0107 zarz\u0105dzanie prac\u0105 zdaln\u0105.","og_url":"https:\/\/www.timecamp.com\/pl\/blog\/program-do-mierzenia-czasu-pracy-pracownikow-mobilnych\/","og_site_name":"TimeCamp Blog \u2013 Zarz\u0105dzanie czasem","article_published_time":"2019-06-03T05:34:50+00:00","article_modified_time":"2026-02-10T11:57:16+00:00","og_image":[{"width":1260,"height":860,"url":"https:\/\/www.timecamp.com\/pl\/blog\/wp-content\/uploads\/2019\/06\/Program-do-mierzenia-czasu-pracy-pracownikow-mobilnych.jpg","type":"image\/jpeg"}],"author":"Kamil Rudnicki","twitter_misc":{"Napisane przez":"Kamil Rudnicki","Szacowany czas czytania":"3 minuty"},"schema":{"@context":"https:\/\/schema.org","@graph":[{"@type":"WebPage","@id":"https:\/\/www.timecamp.com\/pl\/blog\/program-do-mierzenia-czasu-pracy-pracownikow-mobilnych\/","url":"https:\/\/www.timecamp.com\/pl\/blog\/program-do-mierzenia-czasu-pracy-pracownikow-mobilnych\/","name":"Program do mierzenia czasu pracy pracownik\u00f3w mobilnych - TimeCamp Blog \u2013 Zarz\u0105dzanie czasem","isPartOf":{"@id":"https:\/\/www.timecamp.com\/pl\/blog\/#website"},"primaryImageOfPage":{"@id":"https:\/\/www.timecamp.com\/pl\/blog\/program-do-mierzenia-czasu-pracy-pracownikow-mobilnych\/#primaryimage"},"image":{"@id":"https:\/\/www.timecamp.com\/pl\/blog\/program-do-mierzenia-czasu-pracy-pracownikow-mobilnych\/#primaryimage"},"thumbnailUrl":"https:\/\/www.timecamp.com\/pl\/blog\/wp-content\/uploads\/2019\/06\/Program-do-mierzenia-czasu-pracy-pracownikow-mobilnych.jpg","datePublished":"2019-06-03T05:34:50+00:00","dateModified":"2026-02-10T11:57:16+00:00","author":{"@id":"https:\/\/www.timecamp.com\/pl\/blog\/#\/schema\/person\/7c1cd3ae8829e3ab94318a405578c28f"},"description":"Potrzebujesz sprawnego narz\u0119dzia do zliczania czasu pracy pracownik\u00f3w mobilnych? Poznaj TimeCamp i przekonaj si\u0119 jak \u0142atwe mo\u017ce by\u0107 zarz\u0105dzanie prac\u0105 zdaln\u0105.","breadcrumb":{"@id":"https:\/\/www.timecamp.com\/pl\/blog\/program-do-mierzenia-czasu-pracy-pracownikow-mobilnych\/#breadcrumb"},"inLanguage":"pl-PL","potentialAction":[{"@type":"ReadAction","target":["https:\/\/www.timecamp.com\/pl\/blog\/program-do-mierzenia-czasu-pracy-pracownikow-mobilnych\/"]}]},{"@type":"ImageObject","inLanguage":"pl-PL","@id":"https:\/\/www.timecamp.com\/pl\/blog\/program-do-mierzenia-czasu-pracy-pracownikow-mobilnych\/#primaryimage","url":"https:\/\/www.timecamp.com\/pl\/blog\/wp-content\/uploads\/2019\/06\/Program-do-mierzenia-czasu-pracy-pracownikow-mobilnych.jpg","contentUrl":"https:\/\/www.timecamp.com\/pl\/blog\/wp-content\/uploads\/2019\/06\/Program-do-mierzenia-czasu-pracy-pracownikow-mobilnych.jpg","width":1260,"height":860},{"@type":"BreadcrumbList","@id":"https:\/\/www.timecamp.com\/pl\/blog\/program-do-mierzenia-czasu-pracy-pracownikow-mobilnych\/#breadcrumb","itemListElement":[{"@type":"ListItem","position":1,"name":"Home","item":"https:\/\/www.timecamp.com\/pl\/blog\/"},{"@type":"ListItem","position":2,"name":"Program do mierzenia czasu pracy pracownik\u00f3w mobilnych"}]},{"@type":"WebSite","@id":"https:\/\/www.timecamp.com\/pl\/blog\/#website","url":"https:\/\/www.timecamp.com\/pl\/blog\/","name":"TimeCamp Blog \u2013 Zarz\u0105dzanie czasem","description":"TimeCamp","potentialAction":[{"@type":"SearchAction","target":{"@type":"EntryPoint","urlTemplate":"https:\/\/www.timecamp.com\/pl\/blog\/?s={search_term_string}"},"query-input":{"@type":"PropertyValueSpecification","valueRequired":true,"valueName":"search_term_string"}}],"inLanguage":"pl-PL"},{"@type":"Person","@id":"https:\/\/www.timecamp.com\/pl\/blog\/#\/schema\/person\/7c1cd3ae8829e3ab94318a405578c28f","name":"Kamil Rudnicki","image":{"@type":"ImageObject","inLanguage":"pl-PL","@id":"https:\/\/www.timecamp.com\/pl\/blog\/#\/schema\/person\/image\/","url":"https:\/\/secure.gravatar.com\/avatar\/923e13521d3c5b3312a4b425e07838ca96d524e125f380fc69f47532add1d2c4?s=96&d=mm&r=g","contentUrl":"https:\/\/secure.gravatar.com\/avatar\/923e13521d3c5b3312a4b425e07838ca96d524e125f380fc69f47532add1d2c4?s=96&d=mm&r=g","caption":"Kamil Rudnicki"},"description":"Kamil Rudnicki jest CEO i za\u0142o\u017cycielem TimeCamp, firmy specjalizuj\u0105cej si\u0119 w oprogramowaniu do \u015bledzenia czasu i zwi\u0119kszania produktywno\u015bci. Pod jego kierownictwem TimeCamp rozwin\u0105\u0142 si\u0119 z ma\u0142ego startupu w rozpoznawalnego gracza w bran\u017cy oprogramowania do \u015bledzenia czasu, oferuj\u0105c rozwi\u0105zania, kt\u00f3re pomagaj\u0105 firmom i jednostkom monitorowa\u0107 czas sp\u0119dzany na zadaniach, poprawia\u0107 produktywno\u015b\u0107 i usprawnia\u0107 przep\u0142ywy pracy. Kamil jest znany ze swojej wiedzy z zakresu rozwoju oprogramowania, przedsi\u0119biorczo\u015bci oraz zaanga\u017cowania w wykorzystanie technologii do zwi\u0119kszania efektywno\u015bci pracy.","url":"https:\/\/www.timecamp.com\/pl\/blog\/author\/kamil-rudnicki\/"}]}},"_links":{"self":[{"href":"https:\/\/www.timecamp.com\/pl\/blog\/wp-json\/wp\/v2\/posts\/5107","targetHints":{"allow":["GET"]}}],"collection":[{"href":"https:\/\/www.timecamp.com\/pl\/blog\/wp-json\/wp\/v2\/posts"}],"about":[{"href":"https:\/\/www.timecamp.com\/pl\/blog\/wp-json\/wp\/v2\/types\/post"}],"author":[{"embeddable":true,"href":"https:\/\/www.timecamp.com\/pl\/blog\/wp-json\/wp\/v2\/users\/9"}],"replies":[{"embeddable":true,"href":"https:\/\/www.timecamp.com\/pl\/blog\/wp-json\/wp\/v2\/comments?post=5107"}],"version-history":[{"count":34,"href":"https:\/\/www.timecamp.com\/pl\/blog\/wp-json\/wp\/v2\/posts\/5107\/revisions"}],"predecessor-version":[{"id":8433,"href":"https:\/\/www.timecamp.com\/pl\/blog\/wp-json\/wp\/v2\/posts\/5107\/revisions\/8433"}],"wp:featuredmedia":[{"embeddable":true,"href":"https:\/\/www.timecamp.com\/pl\/blog\/wp-json\/wp\/v2\/media\/8431"}],"wp:attachment":[{"href":"https:\/\/www.timecamp.com\/pl\/blog\/wp-json\/wp\/v2\/media?parent=5107"}],"wp:term":[{"taxonomy":"category","embeddable":true,"href":"https:\/\/www.timecamp.com\/pl\/blog\/wp-json\/wp\/v2\/categories?post=5107"},{"taxonomy":"post_tag","embeddable":true,"href":"https:\/\/www.timecamp.com\/pl\/blog\/wp-json\/wp\/v2\/tags?post=5107"}],"curies":[{"name":"wp","href":"https:\/\/api.w.org\/{rel}","templated":true}]}}