{"id":5594,"date":"2020-03-25T10:14:14","date_gmt":"2020-03-25T10:14:14","guid":{"rendered":"https:\/\/www.timecamp.com\/pl\/blog\/?p=5594"},"modified":"2026-02-10T11:08:34","modified_gmt":"2026-02-10T11:08:34","slug":"organizacja-pracy-w-agencji-interaktywnej","status":"publish","type":"post","link":"https:\/\/www.timecamp.com\/pl\/blog\/organizacja-pracy-w-agencji-interaktywnej\/","title":{"rendered":"Jak Efektywnie Zarz\u0105dza\u0107 Czasem Pracy w Agencji Interaktywnej?"},"content":{"rendered":"<h2><span style=\"font-weight: 400;\">Organizacja pracy \u2014 jak efektywnie zarz\u0105dza\u0107 czasem w agencji interaktywnej?<\/span><\/h2>\n<p><span style=\"font-weight: 400;\">W\u0142a\u015bciwa organizacja pracy\u00a0 i czasu jest kluczowa dla efektywnego wykonywania powierzonych nam zada\u0144. Optymalne zarz\u0105dzanie czasem pracy pozwala nie tylko usprawni\u0107 prac\u0119, ale te\u017c utrzyma\u0107 w\u0142a\u015bciwe proporcje mi\u0119dzy prac\u0105 a \u017cyciem prywatnym, eliminuj\u0105c tak cz\u0119ste dzisiaj zabieranie pracy do domu. Jak zatem zorganizowa\u0107 swoj\u0105 prac\u0119? Na to pytanie postaram si\u0119 odpowiedzie\u0107 w niniejszym tek\u015bcie.<\/span><\/p>\n<h3><span style=\"font-weight: 400;\">Od czego zacz\u0105\u0107?<\/span><\/h3>\n<p><span style=\"font-weight: 400;\">Podstaw\u0105 dobrej organizacji pracy jest jasne <\/span><b>okre\u015blenie obowi\u0105zk\u00f3w i przygotowanie planu ich wykonania<\/b><span style=\"font-weight: 400;\"> \u2014 miesi\u0119cznego i dziennego.<\/span><\/p>\n<p><span style=\"font-weight: 400;\">Zatem pierwszym krokiem musi by\u0107 wyznaczenie cel\u00f3w, kt\u00f3re maj\u0105 by\u0107 zrealizowane. Dzi\u0119ki temu mo\u017cna okre\u015bli\u0107 zadania, kt\u00f3re nale\u017cy wykona\u0107, aby te cele osi\u0105gn\u0105\u0107. Bardzo wa\u017cne jest tutaj prawid\u0142owe formu\u0142owanie naszych cel\u00f3w \u2014 przyk\u0142adowo korzystaj\u0105c z koncepcji <strong><span style=\"color: #4bb063;\">SMART<\/span><\/strong>. Zgodnie z t\u0105 zasad\u0105, ka\u017cdy cel musi mie\u0107 konkretne cechy. Dobrze okre\u015blony cel powinien wi\u0119c by\u0107:<\/span><\/p>\n<ul>\n<li style=\"font-weight: 400;\"><span style=\"font-weight: 400;\">konkretny (<\/span><b><i>S<\/i><\/b><i><span style=\"font-weight: 400;\">pecific<\/span><\/i><span style=\"font-weight: 400;\">),<\/span><\/li>\n<li style=\"font-weight: 400;\"><span style=\"font-weight: 400;\">mierzalny (<\/span><b><i>M<\/i><\/b><i><span style=\"font-weight: 400;\">easurable<\/span><\/i><span style=\"font-weight: 400;\">),<\/span><\/li>\n<li style=\"font-weight: 400;\"><span style=\"font-weight: 400;\">osi\u0105galny (<\/span><b><i>A<\/i><\/b><i><span style=\"font-weight: 400;\">ttainable<\/span><\/i><span style=\"font-weight: 400;\">),<\/span><\/li>\n<li style=\"font-weight: 400;\"><span style=\"font-weight: 400;\">realistyczny (<\/span><b><i>R<\/i><\/b><i><span style=\"font-weight: 400;\">ealistic<\/span><\/i><span style=\"font-weight: 400;\">),<\/span><\/li>\n<li style=\"font-weight: 400;\"><span style=\"font-weight: 400;\">okre\u015blony w czasie (<\/span><b><i>T<\/i><\/b><i><span style=\"font-weight: 400;\">ime-bound<\/span><\/i><span style=\"font-weight: 400;\">).<\/span><\/li>\n<\/ul>\n<p><span style=\"font-weight: 400;\">Gdy wiemy ju\u017c, co musi zosta\u0107 zrobione, mo\u017cna przej\u015b\u0107 do kolejnego kroku, czyli optymalnego roz\u0142o\u017cenia koniecznych dzia\u0142a\u0144 w czasie, kt\u00f3rym dysponujemy. Trzeba przy tym bra\u0107 pod uwag\u0119 priorytet i rodzaj zada\u0144 \u2014 konieczne wi\u0119c b\u0119dzie stworzenie ich w\u0142a\u015bciwej hierarchii.\u00a0<\/span><\/p>\n<p><span style=\"font-weight: 400;\">Warto si\u0119 do tego przy\u0142o\u017cy\u0107, gdy\u017c jest to nie tylko bardzo wa\u017cny, ale te\u017c prawdopodobnie najtrudniejszy element efektywnego zarz\u0105dzania czasem. Bardzo pomocne jest tutaj podzielenie zada\u0144 na grupy i podgrupy, np. wa\u017cne podzieli\u0107 na pilne i niepilne.<\/span><\/p>\n<p><a href=\"https:\/\/www.timecamp.com\/pl\/blog\/wp-content\/uploads\/2020\/03\/Organizacja-pracy-\u2014-jak-efektywnie-zarzadzac-czasem-w-agencji-interaktywnej_.png\"><img loading=\"lazy\" decoding=\"async\" class=\"alignnone size-full wp-image-8823\" src=\"https:\/\/www.timecamp.com\/pl\/blog\/wp-content\/uploads\/2020\/03\/Organizacja-pracy-\u2014-jak-efektywnie-zarzadzac-czasem-w-agencji-interaktywnej_.png\" alt=\"\" width=\"759\" height=\"519\" srcset=\"https:\/\/www.timecamp.com\/pl\/blog\/wp-content\/uploads\/2020\/03\/Organizacja-pracy-\u2014-jak-efektywnie-zarzadzac-czasem-w-agencji-interaktywnej_.png 759w, https:\/\/www.timecamp.com\/pl\/blog\/wp-content\/uploads\/2020\/03\/Organizacja-pracy-\u2014-jak-efektywnie-zarzadzac-czasem-w-agencji-interaktywnej_-300x205.png 300w, https:\/\/www.timecamp.com\/pl\/blog\/wp-content\/uploads\/2020\/03\/Organizacja-pracy-\u2014-jak-efektywnie-zarzadzac-czasem-w-agencji-interaktywnej_-585x400.png 585w, https:\/\/www.timecamp.com\/pl\/blog\/wp-content\/uploads\/2020\/03\/Organizacja-pracy-\u2014-jak-efektywnie-zarzadzac-czasem-w-agencji-interaktywnej_-360x246.png 360w\" sizes=\"auto, (max-width: 759px) 100vw, 759px\" \/><\/a><\/p>\n<h3><span style=\"font-weight: 400;\">Co nas rozprasza i co wp\u0142ywa na jako\u015b\u0107 pracy w agencji?<\/span><\/h3>\n<p><span style=\"font-weight: 400;\">Oczywi\u015bcie dobra <a href=\"https:\/\/www.timecamp.com\/pl\/blog\/2020\/09\/jak-organizowac-czas-pracy\/\">organizacja pracy<\/a> biurowej nie ko\u0144czy si\u0119 na wyznaczeniu cel\u00f3w i przygotowaniu planu ich realizacji. R\u00f3wnie wa\u017cna jest eliminacja tzw. prokrastynacji (czyli odk\u0142adania wszystkiego na bli\u017cej nieokre\u015blone \u201ep\u00f3\u017aniej\u201d) oraz zwi\u0105zanych z ni\u0105 po\u017ceraczy czasu i rozpraszaczy.<\/span><\/p>\n<p><span style=\"font-weight: 400;\">Prawdziw\u0105 zmor\u0105 pracy przy komputerze jest <\/span><span style=\"color: #4bb063;\"><b>przegl\u0105danie Facebooka i innych medi\u00f3w spo\u0142eczno\u015bciowych<\/b><\/span><span style=\"font-weight: 400;\">. Je\u015bli Twoje obowi\u0105zki nie obejmuj\u0105 social medi\u00f3w, jest to ca\u0142kowicie bezproduktywne zaj\u0119cie, kt\u00f3re ani nie pozwala odpocz\u0105\u0107, ani skupi\u0107 si\u0119 na wykonywanej pracy. Zabiera tylko czas, kt\u00f3ry mo\u017cna znacznie lepiej wykorzysta\u0107.<\/span><\/p>\n<p><span style=\"font-weight: 400;\">Kolejnym wrogiem efektywno\u015bci jest <\/span><span style=\"color: #4bb063;\"><b>zbyt du\u017ca ilo\u015b\u0107 przerw<\/b><\/span><span style=\"font-weight: 400;\">. Oczywi\u015bcie nie chodzi tutaj o ca\u0142kowite wyeliminowanie przerw, ale o ich kondensacj\u0119 w jedn\u0105, maksymalnie dwie d\u0142u\u017csze \u2014 jedna, ale porz\u0105dna przerwa jest znacznie lepsza ni\u017c kilka kr\u00f3tkich i zmarnowanych. Trzeba przy tym zadba\u0107, aby taka chwila wytchnienia mia\u0142a odpowiedni przebieg \u2014 przede wszystkim ma s\u0142u\u017cy\u0107 odpoczynkowi. Dla pracownik\u00f3w biurowych powinna wi\u0105za\u0107 si\u0119 ze wstaniem od komputera i wyprostowaniem sylwetki oraz wyj\u015bciem na kr\u00f3tki spacer (najlepiej na \u015bwie\u017cym powietrzu, je\u015bli jest to mo\u017cliwe) czy spo\u017cyciem posi\u0142ku. Przerw nie powinno si\u0119 natomiast sp\u0119dza\u0107 w tym samym otoczeniu i pozycji, w kt\u00f3rych si\u0119 pracuje \u2014 nie daje to bowiem potrzebnego naszemu organizmowi wytchnienia.<\/span><\/p>\n<p><span style=\"font-weight: 400;\">Nast\u0119pn\u0105 bardzo cz\u0119sto spotykan\u0105 przeszkod\u0105 efektywno\u015bci jest <\/span><span style=\"color: #4bb063;\"><b>ba\u0142agan na stanowisku pracy<\/b><\/span><span style=\"font-weight: 400;\">. Dotyczy to zar\u00f3wno biurka, jak i pulpitu komputera. W przestrzeni roboczej powinno znajdowa\u0107 si\u0119 mo\u017cliwie najmniej przedmiot\u00f3w, kt\u00f3re nie tylko rozpraszaj\u0105 uwag\u0119, ale te\u017c znacznie utrudniaj\u0105 znalezienie potrzebnych rzeczy.<\/span><\/p>\n<p><span style=\"font-weight: 400;\"><a href=\"https:\/\/www.timecamp.com\/pl\/blog\/wp-content\/uploads\/2020\/03\/business-executives-working-on-computer-4M23YGC.jpg\"><img loading=\"lazy\" decoding=\"async\" class=\"aligncenter wp-image-5596 size-large\" src=\"https:\/\/www.timecamp.com\/pl\/blog\/wp-content\/uploads\/2020\/03\/business-executives-working-on-computer-4M23YGC-1024x683.jpg\" alt=\"praca w agencji interaktywnej\" width=\"1024\" height=\"683\" srcset=\"https:\/\/www.timecamp.com\/pl\/blog\/wp-content\/uploads\/2020\/03\/business-executives-working-on-computer-4M23YGC-1024x683.jpg 1024w, https:\/\/www.timecamp.com\/pl\/blog\/wp-content\/uploads\/2020\/03\/business-executives-working-on-computer-4M23YGC-300x200.jpg 300w, https:\/\/www.timecamp.com\/pl\/blog\/wp-content\/uploads\/2020\/03\/business-executives-working-on-computer-4M23YGC-768x512.jpg 768w, https:\/\/www.timecamp.com\/pl\/blog\/wp-content\/uploads\/2020\/03\/business-executives-working-on-computer-4M23YGC-424x283.jpg 424w, https:\/\/www.timecamp.com\/pl\/blog\/wp-content\/uploads\/2020\/03\/business-executives-working-on-computer-4M23YGC.jpg 1600w\" sizes=\"auto, (max-width: 1024px) 100vw, 1024px\" \/><\/a><\/span><\/p>\n<p><span style=\"font-weight: 400;\">Powa\u017cnym rozpraszaczem uwagi jest tak\u017ce <\/span><span style=\"color: #4bb063;\"><b>telefon<\/b><\/span><span style=\"font-weight: 400;\">. Je\u015bli Twoja praca nie wymaga kontaktowania si\u0119 z klientami, najlepiej po prostu go wyciszy\u0107 i nie trzyma\u0107 na widoku. Dotyczy to zw\u0142aszcza telefon\u00f3w prywatnych. Du\u017ca liczba aplikacji wysy\u0142aj\u0105cych notyfikacje w postaci d\u017awi\u0119ku lub wibracji potrafi skutecznie rozproszy\u0107 uwag\u0119\u00a0oraz irytowa\u0107\u00a0zar\u00f3wno samego u\u017cytkownika jak i jego otoczenie.<\/span><\/p>\n<p><span style=\"font-weight: 400;\">Warto tak\u017ce zadba\u0107 o wyeliminowanie tzw. small talku. Oczywi\u015bcie chodzi tutaj o rozmowy w trakcie pracy. Biurowe plotki nie tylko nie wnosz\u0105 niczego warto\u015bciowego, ale te\u017c \u015bwietnie rozpraszaj\u0105 i przeszkadzaj\u0105 w pracy.<\/span><\/p>\n<p><span style=\"font-weight: 400;\">Opr\u00f3cz tego na jako\u015b\u0107 pracy w agencji interaktywnej ogromny wp\u0142yw ma <\/span><span style=\"color: #4bb063;\"><b>u\u017cytkowany sprz\u0119t i technologia<\/b><\/span><span style=\"font-weight: 400;\">. Pracodawca musi zatem zadba\u0107, aby ka\u017cdy z pracownik\u00f3w mia\u0142 do dyspozycji odpowiednie i sprawnie dzia\u0142aj\u0105ce urz\u0105dzenie z ca\u0142ym potrzebnym oprogramowaniem. Z kolei pracownicy powinni dba\u0107 o jego stan i upewni\u0107 si\u0119, \u017ce wszystkie u\u017cytkowane programy i aplikacje s\u0105 zaktualizowane \u2014 przyk\u0142adowo aktualizacja systemu operacyjnego w nieodpowiednim momencie potrafi skutecznie zdezorganizowa\u0107 prac\u0119.<\/span><\/p>\n<h3><span style=\"font-weight: 400;\">Jak efektywnie zarz\u0105dza\u0107 czasem \u2014 10 wskaz\u00f3wek<\/span><\/h3>\n<ol>\n<li style=\"font-weight: 400;\"><b>Zadbajmy o komfort pracy<\/b><span style=\"font-weight: 400;\"> \u2014 komfort ma du\u017ce znaczenie dla naszego samopoczucia, a to z kolei przek\u0142ada si\u0119 na jako\u015b\u0107 wykonywanej pracy. Dlatego warto, aby nasze stanowisko pracy by\u0142o wyposa\u017cone w m.in. wygodne krzes\u0142o i o\u015bwietlenie o odpowiedniej intensywno\u015bci. Wa\u017cna jest tak\u017ce panuj\u0105ca w pracy atmosfera, dlatego warto poprosi\u0107 o przeniesienie, je\u015bli pracownicy z s\u0105siednich stanowisk nie pozwalaj\u0105 nam si\u0119 skupi\u0107 na pracy.<\/span><span style=\"font-weight: 400;\"><br \/>\n<\/span><\/li>\n<li style=\"font-weight: 400;\"><b>Automatyzujmy procesy<\/b><span style=\"font-weight: 400;\"> \u2014 je\u015bli w ramach pracy wykonujemy powtarzalne czynno\u015bci, np. wysy\u0142amy do klient\u00f3w du\u017co maili o zbli\u017conej tre\u015bci, powinni\u015bmy wykorzystywa\u0107 narz\u0119dzia usprawniaj\u0105ce ten proces (przyk\u0142adowo gotowe szablony wiadomo\u015bci podpi\u0119te pod skr\u00f3t klawiszowy). Dzi\u0119ki temu zaoszcz\u0119dzimy sporo czasu i b\u0119dziemy mogli po\u015bwi\u0119ci\u0107 go wi\u0119cej na bardziej skomplikowane zadania.<\/span><span style=\"font-weight: 400;\"><br \/>\n<\/span><\/li>\n<li style=\"font-weight: 400;\"><b>Skupmy si\u0119 na 1 zadaniu<\/b><span style=\"font-weight: 400;\"> \u2014 tzw. multitasking nie sprzyja efektywnej pracy \u2014 cho\u0107 mo\u017ce si\u0119 wydawa\u0107, \u017ce tak b\u0119dzie szybciej, w rzeczywisto\u015bci o wiele \u0142atwiej pope\u0142ni\u0107 b\u0142\u0119dy, gdy nasza uwaga jest rozproszona na kilku zadaniach jednocze\u015bnie. W efekcie \u017cadne z nich nie b\u0119dzie tak dobrze wykonane, jak mia\u0142oby to miejsce, gdyby\u015bmy skupili si\u0119 wy\u0142\u0105cznie na jednym zadaniu w danej chwili. Stracimy te\u017c czas na usuwanie b\u0142\u0119d\u00f3w, kt\u00f3rych mogliby\u015bmy unikn\u0105\u0107, gdyby\u015bmy nie rozpraszali uwagi na kilka zada\u0144.<\/span><span style=\"font-weight: 400;\"><br \/>\n<\/span><\/li>\n<li style=\"font-weight: 400;\"><b>Sprecyzujmy cele<\/b><span style=\"font-weight: 400;\"> \u2014 tutaj sprawa jest prosta: jasne cele o wiele \u0142atwiej jest realizowa\u0107.<\/span><span style=\"font-weight: 400;\"><br \/>\n<\/span><\/li>\n<li style=\"font-weight: 400;\"><b>Nie planujmy na sztywno<\/b><span style=\"font-weight: 400;\"> \u2014 plan dzia\u0142ania nie mo\u017ce by\u0107 roz\u0142o\u017cony na ca\u0142y dost\u0119pny czas. Sztywne planowanie wszystkiego prowadzi wy\u0142\u0105cznie do frustracji, gdy pojawi\u0105 si\u0119 jakie\u015b nieoczekiwane zdarzenia losowe, np. awaria sieci elektrycznej. Bezpiecznym jest natomiast stosowanie zasady 60\/40, wed\u0142ug kt\u00f3rej powinno si\u0119 planowa\u0107 tylko 60% dost\u0119pnego czasu, reszt\u0119 za\u015b pozostawi\u0107 na zdarzenia losowe. Oczywi\u015bcie proporcje te mo\u017cna modyfikowa\u0107 zale\u017cnie od specyfiki danego stanowiska. Osobi\u015bcie planuj\u0119 ok 75 &#8211; 80 % mojego miesi\u0119cznego czasu, dzi\u0119ki czemu w chwili, gdy pojawi si\u0119 dodatkowe zadanie b\u0119d\u0119 m\u00f3g\u0142 mu po\u015bwi\u0119ci\u0107 kilka godzin.<\/span><span style=\"font-weight: 400;\"><br \/>\n<\/span><\/li>\n<li style=\"font-weight: 400;\"><b>Nie odk\u0142adajmy niczego na p\u00f3\u017aniej <\/b><span style=\"font-weight: 400;\">\u2014 zadania powinni\u015bmy wykonywa\u0107 po kolei, zaczynaj\u0105c dzie\u0144 od tych najtrudniejszych. Rano nasze umys\u0142y s\u0105 najbardziej \u015bwie\u017ce i przek\u0142adanie bardziej wymagaj\u0105cych zada\u0144 na dalsz\u0105 cz\u0119\u015b\u0107 dnia nie sprzyja efektywno\u015bci.<\/span><span style=\"font-weight: 400;\"><br \/>\n<\/span><\/li>\n<li style=\"font-weight: 400;\"><b>Monitorujmy efekty <\/b><span style=\"font-weight: 400;\">\u2014 w miar\u0119 mo\u017cliwo\u015bci powinni\u015bmy sprawdza\u0107, czy zastosowany plan pozwala efektywnie wykonywa\u0107 nasze zadania. W razie zgrzyt\u00f3w b\u0119dziemy mogli lepiej przygotowa\u0107 kolejny.<\/span><span style=\"font-weight: 400;\"><br \/>\n<\/span><\/li>\n<li style=\"font-weight: 400;\"><b>Nagradzajmy si\u0119<\/b><span style=\"font-weight: 400;\"> \u2014 motywacja jest bardzo wa\u017cna dla efektywnej pracy. Dlatego te\u017c warto sprawia\u0107 sobie ma\u0142e nagrody po wykonaniu skomplikowanych zada\u0144. Nawet zwyk\u0142y kubek ciep\u0142ej herbaty po ci\u0119\u017ckiej rozmowie z klientem mo\u017ce zdzia\u0142a\u0107 cuda.<\/span><span style=\"font-weight: 400;\"><br \/>\n<\/span><\/li>\n<li style=\"font-weight: 400;\"><b>B\u0105d\u017amy realistyczni <\/b><span style=\"font-weight: 400;\">\u2014 nie zawsze uda si\u0119 wykona\u0107 ca\u0142y plan na dany dzie\u0144. Nie powinni\u015bmy jednak panikowa\u0107 \u2014 jedna osoba mo\u017ce zwyczajnie nie by\u0107 w stanie wykona\u0107 wszystkich wyznaczonych zada\u0144, niezale\u017cnie od w\u0142o\u017conego wysi\u0142ku. Wystarczy po prostu przenie\u015b\u0107 niedoko\u0144czone zadania na nast\u0119pny dzie\u0144 i wzi\u0105\u0107 to pod uwag\u0119 przy kolejnym planowaniu.<\/span><\/li>\n<li style=\"font-weight: 400;\"><b>Odk\u0142adajmy wszystko na miejsce<\/b><span style=\"font-weight: 400;\"> \u2014 warto zostawi\u0107 sobie ostatnie 15 minut dnia na uporz\u0105dkowanie stanowiska pracy. Od\u0142\u00f3\u017cmy wszystko na swoje miejsce, pozapisujmy dane i pozamykajmy aplikacje. Dzi\u0119ki temu kolejny dzie\u0144 zaczniemy na \u015bwie\u017co i po\u015bwi\u0119cimy mniej czasu na przygotowanie stanowiska.<\/span><\/li>\n<\/ol>\n<h3><span style=\"font-weight: 400;\">Narz\u0119dzia do organizacji czasu pracy<\/span><\/h3>\n<p><span style=\"font-weight: 400;\">Organizacj\u0119 pracy mo\u017cna sobie znacznie u\u0142atwi\u0107, korzystaj\u0105c z przeznaczonych do tego narz\u0119dzi interaktywnych. <\/span><b>Oto kilka wartych polecenia opcji:<\/b><\/p>\n<ul>\n<li style=\"font-weight: 400;\"><a href=\"https:\/\/www.timecamp.com\"><b>TimeCamp<\/b><\/a><span style=\"font-weight: 400;\"> \u2014 narz\u0119dzie pozwalaj\u0105ce w prosty spos\u00f3b monitorowa\u0107 czas pracy. Sprawdza si\u0119 idealnie w ma\u0142ych i \u015brednich firmach oraz w pracy freelancerskiej. Dzi\u0119ki mo\u017cliwo\u015bci definiowania projekt\u00f3w jeste\u015bmy w stanie okre\u015bli\u0107, jak d\u0142ugo osoby z naszego zespo\u0142u pracowa\u0142y nad danym projektem. Dodatkowy plus to mo\u017cliwo\u015b\u0107 integracji narz\u0119dzia z popularnymi narz\u0119dziami do zarz\u0105dzania projektami.<\/span><span style=\"font-weight: 400;\"><br \/>\n<\/span><\/li>\n<li style=\"font-weight: 400;\"><b>Trello, Asana<\/b><span style=\"font-weight: 400;\"> \u2014 przejrzyste i \u0142atwe w obs\u0142udze narz\u0119dzia do zarz\u0105dzania projektami i prac\u0105 grupow\u0105. <\/span><span style=\"font-weight: 400;\"><br \/>\n<\/span><\/li>\n<li style=\"font-weight: 400;\"><b>Evernote<\/b><span style=\"font-weight: 400;\"> \u2014 prosty program organizacyjny, b\u0119d\u0105cy niejako uproszczon\u0105 wersj\u0105 powy\u017cszych. Dobra opcja dla os\u00f3b lubi\u0105cych notatki.<\/span><span style=\"font-weight: 400;\"><br \/>\n<\/span><\/li>\n<li style=\"font-weight: 400;\"><b>GanttProject<\/b><span style=\"font-weight: 400;\"> \u2014 program u\u0142atwiaj\u0105cy planowanie i zarz\u0105dzanie projektami z wykorzystaniem diagramu Gantta.<\/span><\/li>\n<li style=\"font-weight: 400;\"><b>Kalendarz Google<span style=\"font-weight: 400;\"> &#8211; niezast\u0105piony terminarz od giganta z Mountain View, dzi\u0119ki kt\u00f3remu nie umknie nam \u017cadne zaplanowane spotkanie. Dodatkowe atuty us\u0142ugi to mo\u017cliwo\u015b\u0107\u00a0dzielenia si\u0119 kalendarzami ze wsp\u00f3\u0142pracownikami, powiadomienia o zbli\u017caj\u0105cych si\u0119 wydarzeniach czy integracja z innymi us\u0142ugami od Google.<\/span><\/b><\/li>\n<\/ul>\n<p>&nbsp;<\/p>\n<p><a href=\"https:\/\/www.timecamp.com\/pl\/blog\/wp-content\/uploads\/2021\/05\/01-blog-1.png\"><img loading=\"lazy\" decoding=\"async\" class=\"alignnone size-full wp-image-8361\" src=\"https:\/\/www.timecamp.com\/pl\/blog\/wp-content\/uploads\/2021\/05\/01-blog-1.png\" alt=\"\" width=\"759\" height=\"580\" srcset=\"https:\/\/www.timecamp.com\/pl\/blog\/wp-content\/uploads\/2021\/05\/01-blog-1.png 759w, https:\/\/www.timecamp.com\/pl\/blog\/wp-content\/uploads\/2021\/05\/01-blog-1-300x229.png 300w, https:\/\/www.timecamp.com\/pl\/blog\/wp-content\/uploads\/2021\/05\/01-blog-1-523x400.png 523w, https:\/\/www.timecamp.com\/pl\/blog\/wp-content\/uploads\/2021\/05\/01-blog-1-322x246.png 322w, https:\/\/www.timecamp.com\/pl\/blog\/wp-content\/uploads\/2021\/05\/01-blog-1-732x559.png 732w\" sizes=\"auto, (max-width: 759px) 100vw, 759px\" \/><\/a><\/p>\n<p class=\"p1\"><section id=\"contact_banner\">\n<div class=\"header\">\n    <span>Mierz rentowno\u015b\u0107 jak najlepsi<\/span><\/p>\n<p>Um\u00f3w prezentacj\u0119, i sprawd\u017c, jak dzia\u0142a TimeCamp skonfigurowany pod struktur\u0119 Twojej firmy, obieg danych oraz system raportowania.<\/p>\n<\/p><\/div>\n<div class=\"content\">\n<div class=\"image\">\n      <img decoding=\"async\" src=\"https:\/\/www.timecamp.com\/blog\/wp-content\/uploads\/2026\/02\/contact-banner-image.png\" alt=\"banner\">\n    <\/div>\n<div class=\"text\">\n      <span>Dlaczego warto si\u0119 z nami spotka\u0107?<\/span><\/p>\n<ul>\n<li>\n          <img decoding=\"async\" src=\"https:\/\/www.timecamp.com\/blog\/wp-content\/uploads\/2026\/02\/checkmark-blue.svg\" alt=\"icon\"><\/p>\n<p>Nasz konsultant oprowadzi ci\u0119 po produkcie i dostosuje ofert\u0119<\/p>\n<\/li>\n<li>\n          <img decoding=\"async\" src=\"https:\/\/www.timecamp.com\/blog\/wp-content\/uploads\/2026\/02\/checkmark-blue.svg\" alt=\"icon\"><\/p>\n<p>Odpowiemy na wszystkie Twoje pytania na \u017cywo<\/p>\n<\/li>\n<li>\n          <img decoding=\"async\" src=\"https:\/\/www.timecamp.com\/blog\/wp-content\/uploads\/2026\/02\/checkmark-blue.svg\" alt=\"icon\"><\/p>\n<p>Dowiesz si\u0119 jak po\u0142\u0105czy\u0107 TimeCamp z narz\u0119dziami, kt\u00f3rych u\u017cywacie<\/p>\n<\/li>\n<\/ul><\/div>\n<\/p><\/div>\n<div class=\"buttons\">\n              <a\n            class=\"btn btn-filled orange\"\n            rel=\"nofollow\"\n            href=\"\"\n            onclick=\"\n              Calendly.initPopupWidget({\n                url: 'https:\/\/calendly.com\/timecamp-nkaleta\/20min?utm_source=web&#038;utm_medium=cta&#038;utm_campaign=widget&#038;utm_content=wdg_demo',\n              });\n              return false;\n            \"\n            >Um\u00f3w demo<\/a\n          >\n  <\/div>\n<div class=\"teams\">\n<div class=\"text-with-line\">\n<div class=\"line\"><\/div>\n<p class=\"text\">Do\u0142\u0105cz do 18,000+ zadowolonych zespo\u0142\u00f3w<\/p>\n<div class=\"line\"><\/div>\n<\/p><\/div>\n<div class=\"icons\">\n      <img decoding=\"async\" src=\"https:\/\/cdn-y.timecamp.com\/img\/components\/banner-contact-us\/icons\/pwc.svg\" alt=\"icon\"><img decoding=\"async\" src=\"https:\/\/cdn-y.timecamp.com\/img\/components\/banner-contact-us\/icons\/similarweb.svg\" alt=\"icon\"><img decoding=\"async\" src=\"https:\/\/cdn-y.timecamp.com\/img\/components\/banner-contact-us\/icons\/accenture.svg\" alt=\"icon\"><img decoding=\"async\" src=\"https:\/\/cdn-y.timecamp.com\/img\/components\/banner-contact-us\/icons\/roche.svg\" alt=\"icon\"><img decoding=\"async\" src=\"https:\/\/cdn-y.timecamp.com\/img\/components\/banner-contact-us\/icons\/havas.svg\" alt=\"icon\"><img decoding=\"async\" src=\"https:\/\/cdn-y.timecamp.com\/img\/components\/banner-contact-us\/icons\/dekra.svg\" alt=\"icon\">\n    <\/div>\n<\/p><\/div>\n<div class=\"image-mobile\">\n      <img decoding=\"async\" src=\"https:\/\/www.timecamp.com\/blog\/wp-content\/uploads\/2026\/02\/contact-banner-image.png\" alt=\"banner\">\n    <\/div>\n<div class=\"testimonial\">\n    <img decoding=\"async\" src=\"https:\/\/www.timecamp.com\/blog\/wp-content\/uploads\/2026\/02\/companies.svg\" alt=\"icon\"><img decoding=\"async\" src=\"https:\/\/www.timecamp.com\/pl\/blog\/wp-content\/uploads\/2026\/02\/reviews.png\" style=\"max-width: 250px !important;\" alt=\"icon\">\n  <\/div>\n<\/section>\n<link href=\"https:\/\/assets.calendly.com\/assets\/external\/widget.css\" rel=\"stylesheet\">\n<script src=\"https:\/\/assets.calendly.com\/assets\/external\/widget.js\" type=\"text\/javascript\" async><\/script><\/p>\n<\/p>\n<h3><span style=\"font-weight: 400;\">Podsumowanie<\/span><\/h3>\n<p><span style=\"font-weight: 400;\">Dobra organizacja pracy to klucz do efektywnego wykonywania powierzonych zada\u0144 i terminowego finalizowania projekt\u00f3w. Zasady organizacji pracy nie s\u0105 wcale skomplikowane, a ich wprowadzenie nie wymaga du\u017cego wysi\u0142ku. Najwa\u017cniejszym czynnikiem pozostaje jednak samodyscyplina.<\/span><\/p>\n<hr \/>\n<p><span style=\"color: #4bb063;\"><strong><a href=\"https:\/\/www.timecamp.com\/pl\/blog\/wp-content\/uploads\/2020\/03\/daniel-jedrysik.png\"><img loading=\"lazy\" decoding=\"async\" class=\"alignleft wp-image-5597 size-thumbnail\" src=\"https:\/\/www.timecamp.com\/pl\/blog\/wp-content\/uploads\/2020\/03\/daniel-jedrysik-150x150.png\" alt=\"organizacja pracy autor\" width=\"150\" height=\"150\" srcset=\"https:\/\/www.timecamp.com\/pl\/blog\/wp-content\/uploads\/2020\/03\/daniel-jedrysik-150x150.png 150w, https:\/\/www.timecamp.com\/pl\/blog\/wp-content\/uploads\/2020\/03\/daniel-jedrysik-100x100.png 100w, https:\/\/www.timecamp.com\/pl\/blog\/wp-content\/uploads\/2020\/03\/daniel-jedrysik.png 300w\" sizes=\"auto, (max-width: 150px) 100vw, 150px\" \/><\/a>Daniel J\u0119drysik<br \/>\n<\/strong><\/span><span style=\"font-weight: 400;\">Starszy specjalista SEO &#8211; <\/span><span style=\"font-weight: 400;\">Agencja KS<\/span><\/p>\n<p><span style=\"font-weight: 400;\">Specjalizuje si\u0119 w pozycjonowaniu stron. Fan pracy nad najtrudniejszymi projektami SEO oraz technicznej optymalizacji witryn. Z powodzeniem realizuje projekty na rynkach polskim i angloj\u0119zycznych. W wolnych chwilach zg\u0142\u0119bia wiedz\u0119 z zakresu analityki. Prywatnie mi\u0142o\u015bnik historii i fan fantastyki.<\/span><\/p>\n","protected":false},"excerpt":{"rendered":"<p>Organizacja pracy \u2014 jak efektywnie zarz\u0105dza\u0107 czasem w agencji interaktywnej? W\u0142a\u015bciwa organizacja pracy\u00a0 i czasu jest kluczowa dla efektywnego wykonywania powierzonych nam zada\u0144. Optymalne zarz\u0105dzanie czasem pracy pozwala nie tylko usprawni\u0107 prac\u0119, ale te\u017c utrzyma\u0107 w\u0142a\u015bciwe proporcje mi\u0119dzy prac\u0105 a \u017cyciem prywatnym, eliminuj\u0105c tak cz\u0119ste dzisiaj zabieranie pracy do domu. Jak zatem zorganizowa\u0107 swoj\u0105 prac\u0119? [&hellip;]<\/p>\n","protected":false},"author":3,"featured_media":7512,"comment_status":"closed","ping_status":"open","sticky":false,"template":"","format":"standard","meta":{"_acf_changed":false,"_glsr_average":0,"_glsr_ranking":0,"_glsr_reviews":0,"footnotes":""},"categories":[32],"tags":[],"class_list":["post-5594","post","type-post","status-publish","format-standard","has-post-thumbnail","hentry","category-posty-goscinne"],"acf":[],"yoast_head":"<!-- This site is optimized with the Yoast SEO plugin v25.4 - https:\/\/yoast.com\/wordpress\/plugins\/seo\/ -->\n<title>Jak Efektywnie Zarz\u0105dza\u0107 Czasem Pracy w Agencji Interaktywnej? - TimeCamp Blog \u2013 Zarz\u0105dzanie czasem<\/title>\n<meta name=\"description\" content=\"Organizacja pracy \u2014 jak efektywnie zarz\u0105dza\u0107 czasem w agencji interaktywnej? W\u0142a\u015bciwa organizacja pracy\u00a0 i czasu jest kluczowa dla efektywnego wykonywania\" \/>\n<meta name=\"robots\" content=\"index, follow, max-snippet:-1, max-image-preview:large, max-video-preview:-1\" \/>\n<link rel=\"canonical\" href=\"https:\/\/www.timecamp.com\/pl\/blog\/organizacja-pracy-w-agencji-interaktywnej\/\" \/>\n<meta property=\"og:locale\" content=\"pl_PL\" \/>\n<meta property=\"og:type\" content=\"article\" \/>\n<meta property=\"og:title\" content=\"Jak Efektywnie Zarz\u0105dza\u0107 Czasem Pracy w Agencji Interaktywnej? - TimeCamp Blog \u2013 Zarz\u0105dzanie czasem\" \/>\n<meta property=\"og:description\" content=\"Organizacja pracy \u2014 jak efektywnie zarz\u0105dza\u0107 czasem w agencji interaktywnej? W\u0142a\u015bciwa organizacja pracy\u00a0 i czasu jest kluczowa dla efektywnego wykonywania\" \/>\n<meta property=\"og:url\" content=\"https:\/\/www.timecamp.com\/pl\/blog\/organizacja-pracy-w-agencji-interaktywnej\/\" \/>\n<meta property=\"og:site_name\" content=\"TimeCamp Blog \u2013 Zarz\u0105dzanie czasem\" \/>\n<meta property=\"article:published_time\" content=\"2020-03-25T10:14:14+00:00\" \/>\n<meta property=\"article:modified_time\" content=\"2026-02-10T11:08:34+00:00\" \/>\n<meta property=\"og:image\" content=\"https:\/\/www.timecamp.com\/pl\/blog\/wp-content\/uploads\/2020\/03\/Jak-Efektywnie-Zarzadzac-Czasem-Pracy-w-Agencji-Interaktywnej_.jpg\" \/>\n\t<meta property=\"og:image:width\" content=\"1260\" \/>\n\t<meta property=\"og:image:height\" content=\"860\" \/>\n\t<meta property=\"og:image:type\" content=\"image\/jpeg\" \/>\n<meta name=\"author\" content=\"Ola Rybacka\" \/>\n<meta name=\"twitter:label1\" content=\"Napisane przez\" \/>\n\t<meta name=\"twitter:data1\" content=\"Ola Rybacka\" \/>\n\t<meta name=\"twitter:label2\" content=\"Szacowany czas czytania\" \/>\n\t<meta name=\"twitter:data2\" content=\"9 minut\" \/>\n<script type=\"application\/ld+json\" class=\"yoast-schema-graph\">{\"@context\":\"https:\/\/schema.org\",\"@graph\":[{\"@type\":\"WebPage\",\"@id\":\"https:\/\/www.timecamp.com\/pl\/blog\/organizacja-pracy-w-agencji-interaktywnej\/\",\"url\":\"https:\/\/www.timecamp.com\/pl\/blog\/organizacja-pracy-w-agencji-interaktywnej\/\",\"name\":\"Jak Efektywnie Zarz\u0105dza\u0107 Czasem Pracy w Agencji Interaktywnej? - TimeCamp Blog \u2013 Zarz\u0105dzanie czasem\",\"isPartOf\":{\"@id\":\"https:\/\/www.timecamp.com\/pl\/blog\/#website\"},\"primaryImageOfPage\":{\"@id\":\"https:\/\/www.timecamp.com\/pl\/blog\/organizacja-pracy-w-agencji-interaktywnej\/#primaryimage\"},\"image\":{\"@id\":\"https:\/\/www.timecamp.com\/pl\/blog\/organizacja-pracy-w-agencji-interaktywnej\/#primaryimage\"},\"thumbnailUrl\":\"https:\/\/www.timecamp.com\/pl\/blog\/wp-content\/uploads\/2020\/03\/Jak-Efektywnie-Zarzadzac-Czasem-Pracy-w-Agencji-Interaktywnej_.jpg\",\"datePublished\":\"2020-03-25T10:14:14+00:00\",\"dateModified\":\"2026-02-10T11:08:34+00:00\",\"author\":{\"@id\":\"https:\/\/www.timecamp.com\/pl\/blog\/#\/schema\/person\/885116ec83194d0a30ca75926bed0f82\"},\"description\":\"Organizacja pracy \u2014 jak efektywnie zarz\u0105dza\u0107 czasem w agencji interaktywnej? W\u0142a\u015bciwa organizacja pracy\u00a0 i czasu jest kluczowa dla efektywnego wykonywania\",\"breadcrumb\":{\"@id\":\"https:\/\/www.timecamp.com\/pl\/blog\/organizacja-pracy-w-agencji-interaktywnej\/#breadcrumb\"},\"inLanguage\":\"pl-PL\",\"potentialAction\":[{\"@type\":\"ReadAction\",\"target\":[\"https:\/\/www.timecamp.com\/pl\/blog\/organizacja-pracy-w-agencji-interaktywnej\/\"]}]},{\"@type\":\"ImageObject\",\"inLanguage\":\"pl-PL\",\"@id\":\"https:\/\/www.timecamp.com\/pl\/blog\/organizacja-pracy-w-agencji-interaktywnej\/#primaryimage\",\"url\":\"https:\/\/www.timecamp.com\/pl\/blog\/wp-content\/uploads\/2020\/03\/Jak-Efektywnie-Zarzadzac-Czasem-Pracy-w-Agencji-Interaktywnej_.jpg\",\"contentUrl\":\"https:\/\/www.timecamp.com\/pl\/blog\/wp-content\/uploads\/2020\/03\/Jak-Efektywnie-Zarzadzac-Czasem-Pracy-w-Agencji-Interaktywnej_.jpg\",\"width\":1260,\"height\":860,\"caption\":\"kola\u017c narz\u0119dzi do pracy kreatywnej\"},{\"@type\":\"BreadcrumbList\",\"@id\":\"https:\/\/www.timecamp.com\/pl\/blog\/organizacja-pracy-w-agencji-interaktywnej\/#breadcrumb\",\"itemListElement\":[{\"@type\":\"ListItem\",\"position\":1,\"name\":\"Home\",\"item\":\"https:\/\/www.timecamp.com\/pl\/blog\/\"},{\"@type\":\"ListItem\",\"position\":2,\"name\":\"Jak Efektywnie Zarz\u0105dza\u0107 Czasem Pracy w Agencji Interaktywnej?\"}]},{\"@type\":\"WebSite\",\"@id\":\"https:\/\/www.timecamp.com\/pl\/blog\/#website\",\"url\":\"https:\/\/www.timecamp.com\/pl\/blog\/\",\"name\":\"TimeCamp Blog \u2013 Zarz\u0105dzanie czasem\",\"description\":\"TimeCamp\",\"potentialAction\":[{\"@type\":\"SearchAction\",\"target\":{\"@type\":\"EntryPoint\",\"urlTemplate\":\"https:\/\/www.timecamp.com\/pl\/blog\/?s={search_term_string}\"},\"query-input\":{\"@type\":\"PropertyValueSpecification\",\"valueRequired\":true,\"valueName\":\"search_term_string\"}}],\"inLanguage\":\"pl-PL\"},{\"@type\":\"Person\",\"@id\":\"https:\/\/www.timecamp.com\/pl\/blog\/#\/schema\/person\/885116ec83194d0a30ca75926bed0f82\",\"name\":\"Ola Rybacka\",\"image\":{\"@type\":\"ImageObject\",\"inLanguage\":\"pl-PL\",\"@id\":\"https:\/\/www.timecamp.com\/pl\/blog\/#\/schema\/person\/image\/\",\"url\":\"https:\/\/secure.gravatar.com\/avatar\/a55bc496bb3430306d4e86473315e6b277b8d71806c72ec1442d64040b15a8a0?s=96&d=mm&r=g\",\"contentUrl\":\"https:\/\/secure.gravatar.com\/avatar\/a55bc496bb3430306d4e86473315e6b277b8d71806c72ec1442d64040b15a8a0?s=96&d=mm&r=g\",\"caption\":\"Ola Rybacka\"},\"description\":\"Product Marketer i Content Specialist w TimeCamp. Pracuje zdalnie od ponad dziesi\u0119ciu lat i wie, jak nie zwariowa\u0107, gdy dom jest jednocze\u015bnie miejscem pracy i odpoczynku. Zna TimeCamp od podszewki, co wida\u0107 w artyku\u0142ach i filmach, gdzie przek\u0142ada techniczny \u017cargon na co\u015b bardziej reader-friendly. A po pracy? Manga, anime i kucie do egzaminu JLPT.\",\"url\":\"https:\/\/www.timecamp.com\/pl\/blog\/author\/o-rybacka\/\"}]}<\/script>\n<!-- \/ Yoast SEO plugin. -->","yoast_head_json":{"title":"Jak Efektywnie Zarz\u0105dza\u0107 Czasem Pracy w Agencji Interaktywnej? - TimeCamp Blog \u2013 Zarz\u0105dzanie czasem","description":"Organizacja pracy \u2014 jak efektywnie zarz\u0105dza\u0107 czasem w agencji interaktywnej? W\u0142a\u015bciwa organizacja pracy\u00a0 i czasu jest kluczowa dla efektywnego wykonywania","robots":{"index":"index","follow":"follow","max-snippet":"max-snippet:-1","max-image-preview":"max-image-preview:large","max-video-preview":"max-video-preview:-1"},"canonical":"https:\/\/www.timecamp.com\/pl\/blog\/organizacja-pracy-w-agencji-interaktywnej\/","og_locale":"pl_PL","og_type":"article","og_title":"Jak Efektywnie Zarz\u0105dza\u0107 Czasem Pracy w Agencji Interaktywnej? - TimeCamp Blog \u2013 Zarz\u0105dzanie czasem","og_description":"Organizacja pracy \u2014 jak efektywnie zarz\u0105dza\u0107 czasem w agencji interaktywnej? W\u0142a\u015bciwa organizacja pracy\u00a0 i czasu jest kluczowa dla efektywnego wykonywania","og_url":"https:\/\/www.timecamp.com\/pl\/blog\/organizacja-pracy-w-agencji-interaktywnej\/","og_site_name":"TimeCamp Blog \u2013 Zarz\u0105dzanie czasem","article_published_time":"2020-03-25T10:14:14+00:00","article_modified_time":"2026-02-10T11:08:34+00:00","og_image":[{"width":1260,"height":860,"url":"https:\/\/www.timecamp.com\/pl\/blog\/wp-content\/uploads\/2020\/03\/Jak-Efektywnie-Zarzadzac-Czasem-Pracy-w-Agencji-Interaktywnej_.jpg","type":"image\/jpeg"}],"author":"Ola Rybacka","twitter_misc":{"Napisane przez":"Ola Rybacka","Szacowany czas czytania":"9 minut"},"schema":{"@context":"https:\/\/schema.org","@graph":[{"@type":"WebPage","@id":"https:\/\/www.timecamp.com\/pl\/blog\/organizacja-pracy-w-agencji-interaktywnej\/","url":"https:\/\/www.timecamp.com\/pl\/blog\/organizacja-pracy-w-agencji-interaktywnej\/","name":"Jak Efektywnie Zarz\u0105dza\u0107 Czasem Pracy w Agencji Interaktywnej? - TimeCamp Blog \u2013 Zarz\u0105dzanie czasem","isPartOf":{"@id":"https:\/\/www.timecamp.com\/pl\/blog\/#website"},"primaryImageOfPage":{"@id":"https:\/\/www.timecamp.com\/pl\/blog\/organizacja-pracy-w-agencji-interaktywnej\/#primaryimage"},"image":{"@id":"https:\/\/www.timecamp.com\/pl\/blog\/organizacja-pracy-w-agencji-interaktywnej\/#primaryimage"},"thumbnailUrl":"https:\/\/www.timecamp.com\/pl\/blog\/wp-content\/uploads\/2020\/03\/Jak-Efektywnie-Zarzadzac-Czasem-Pracy-w-Agencji-Interaktywnej_.jpg","datePublished":"2020-03-25T10:14:14+00:00","dateModified":"2026-02-10T11:08:34+00:00","author":{"@id":"https:\/\/www.timecamp.com\/pl\/blog\/#\/schema\/person\/885116ec83194d0a30ca75926bed0f82"},"description":"Organizacja pracy \u2014 jak efektywnie zarz\u0105dza\u0107 czasem w agencji interaktywnej? W\u0142a\u015bciwa organizacja pracy\u00a0 i czasu jest kluczowa dla efektywnego wykonywania","breadcrumb":{"@id":"https:\/\/www.timecamp.com\/pl\/blog\/organizacja-pracy-w-agencji-interaktywnej\/#breadcrumb"},"inLanguage":"pl-PL","potentialAction":[{"@type":"ReadAction","target":["https:\/\/www.timecamp.com\/pl\/blog\/organizacja-pracy-w-agencji-interaktywnej\/"]}]},{"@type":"ImageObject","inLanguage":"pl-PL","@id":"https:\/\/www.timecamp.com\/pl\/blog\/organizacja-pracy-w-agencji-interaktywnej\/#primaryimage","url":"https:\/\/www.timecamp.com\/pl\/blog\/wp-content\/uploads\/2020\/03\/Jak-Efektywnie-Zarzadzac-Czasem-Pracy-w-Agencji-Interaktywnej_.jpg","contentUrl":"https:\/\/www.timecamp.com\/pl\/blog\/wp-content\/uploads\/2020\/03\/Jak-Efektywnie-Zarzadzac-Czasem-Pracy-w-Agencji-Interaktywnej_.jpg","width":1260,"height":860,"caption":"kola\u017c narz\u0119dzi do pracy kreatywnej"},{"@type":"BreadcrumbList","@id":"https:\/\/www.timecamp.com\/pl\/blog\/organizacja-pracy-w-agencji-interaktywnej\/#breadcrumb","itemListElement":[{"@type":"ListItem","position":1,"name":"Home","item":"https:\/\/www.timecamp.com\/pl\/blog\/"},{"@type":"ListItem","position":2,"name":"Jak Efektywnie Zarz\u0105dza\u0107 Czasem Pracy w Agencji Interaktywnej?"}]},{"@type":"WebSite","@id":"https:\/\/www.timecamp.com\/pl\/blog\/#website","url":"https:\/\/www.timecamp.com\/pl\/blog\/","name":"TimeCamp Blog \u2013 Zarz\u0105dzanie czasem","description":"TimeCamp","potentialAction":[{"@type":"SearchAction","target":{"@type":"EntryPoint","urlTemplate":"https:\/\/www.timecamp.com\/pl\/blog\/?s={search_term_string}"},"query-input":{"@type":"PropertyValueSpecification","valueRequired":true,"valueName":"search_term_string"}}],"inLanguage":"pl-PL"},{"@type":"Person","@id":"https:\/\/www.timecamp.com\/pl\/blog\/#\/schema\/person\/885116ec83194d0a30ca75926bed0f82","name":"Ola Rybacka","image":{"@type":"ImageObject","inLanguage":"pl-PL","@id":"https:\/\/www.timecamp.com\/pl\/blog\/#\/schema\/person\/image\/","url":"https:\/\/secure.gravatar.com\/avatar\/a55bc496bb3430306d4e86473315e6b277b8d71806c72ec1442d64040b15a8a0?s=96&d=mm&r=g","contentUrl":"https:\/\/secure.gravatar.com\/avatar\/a55bc496bb3430306d4e86473315e6b277b8d71806c72ec1442d64040b15a8a0?s=96&d=mm&r=g","caption":"Ola Rybacka"},"description":"Product Marketer i Content Specialist w TimeCamp. Pracuje zdalnie od ponad dziesi\u0119ciu lat i wie, jak nie zwariowa\u0107, gdy dom jest jednocze\u015bnie miejscem pracy i odpoczynku. Zna TimeCamp od podszewki, co wida\u0107 w artyku\u0142ach i filmach, gdzie przek\u0142ada techniczny \u017cargon na co\u015b bardziej reader-friendly. A po pracy? Manga, anime i kucie do egzaminu JLPT.","url":"https:\/\/www.timecamp.com\/pl\/blog\/author\/o-rybacka\/"}]}},"_links":{"self":[{"href":"https:\/\/www.timecamp.com\/pl\/blog\/wp-json\/wp\/v2\/posts\/5594","targetHints":{"allow":["GET"]}}],"collection":[{"href":"https:\/\/www.timecamp.com\/pl\/blog\/wp-json\/wp\/v2\/posts"}],"about":[{"href":"https:\/\/www.timecamp.com\/pl\/blog\/wp-json\/wp\/v2\/types\/post"}],"author":[{"embeddable":true,"href":"https:\/\/www.timecamp.com\/pl\/blog\/wp-json\/wp\/v2\/users\/3"}],"replies":[{"embeddable":true,"href":"https:\/\/www.timecamp.com\/pl\/blog\/wp-json\/wp\/v2\/comments?post=5594"}],"version-history":[{"count":10,"href":"https:\/\/www.timecamp.com\/pl\/blog\/wp-json\/wp\/v2\/posts\/5594\/revisions"}],"predecessor-version":[{"id":8822,"href":"https:\/\/www.timecamp.com\/pl\/blog\/wp-json\/wp\/v2\/posts\/5594\/revisions\/8822"}],"wp:featuredmedia":[{"embeddable":true,"href":"https:\/\/www.timecamp.com\/pl\/blog\/wp-json\/wp\/v2\/media\/7512"}],"wp:attachment":[{"href":"https:\/\/www.timecamp.com\/pl\/blog\/wp-json\/wp\/v2\/media?parent=5594"}],"wp:term":[{"taxonomy":"category","embeddable":true,"href":"https:\/\/www.timecamp.com\/pl\/blog\/wp-json\/wp\/v2\/categories?post=5594"},{"taxonomy":"post_tag","embeddable":true,"href":"https:\/\/www.timecamp.com\/pl\/blog\/wp-json\/wp\/v2\/tags?post=5594"}],"curies":[{"name":"wp","href":"https:\/\/api.w.org\/{rel}","templated":true}]}}