{"id":5678,"date":"2020-06-17T10:10:25","date_gmt":"2020-06-17T10:10:25","guid":{"rendered":"https:\/\/www.timecamp.com\/pl\/blog\/?p=5678"},"modified":"2026-02-10T10:54:02","modified_gmt":"2026-02-10T10:54:02","slug":"wdrozenie-pracy-zdalnej-w-firmie-szanse-i-zagrozenia","status":"publish","type":"post","link":"https:\/\/www.timecamp.com\/pl\/blog\/wdrozenie-pracy-zdalnej-w-firmie-szanse-i-zagrozenia\/","title":{"rendered":"Wdro\u017cenie pracy zdalnej w firmie &#8211; szanse i zagro\u017cenia"},"content":{"rendered":"<p><strong>Wdro\u017cenie pracy zdalnej w firmie to wyzwanie, z kt\u00f3rym zmaga si\u0119 wiele przedsi\u0119biorstw. Pandemia Sars-CoV-2 sprawi\u0142a, \u017ce wielu pracodawc\u00f3w zosta\u0142o niemal zmuszonych do zamkni\u0119cia swoich biur i plac\u00f3wek. Lwia cz\u0119\u015b\u0107 z nich, tu\u017c po wdro\u017ceniu telepracy &#8211; zauwa\u017cy\u0142a wiele korzy\u015bci wynikaj\u0105cych z tego rozwi\u0105zania.<\/strong><\/p>\n<p><span style=\"font-weight: 400;\">Pandemia koronawirusa, kt\u00f3ra zosta\u0142a og\u0142oszona na pocz\u0105tku 2020 roku sprawi\u0142a, \u017ce termin &#8222;pracy zdalnej&#8221; po raz pierwszy pojawi\u0142 si\u0119 w polskim prawie. 8 marca 2020 roku, w \u017cycie wesz\u0142y przepisy zawarte w <\/span><span style=\"font-weight: 400;\">u<\/span><span style=\"font-weight: 400;\">stawie o szczeg\u00f3lnych rozwi\u0105zaniach zwi\u0105zanych z zapobieganiem, przeciwdzia\u0142aniem i zwalczaniem COVID-19<\/span><span style=\"font-weight: 400;\">, kt\u00f3re mi\u0119dzy innymi pozwalaj\u0105 pracodawcy oddelegowa\u0107 pracownika do pracy zdalnej czy te\u017c &#8211; w niekt\u00f3rych przypadkach &#8211; nakaza\u0107 pracodawcy podj\u0119cie stosownych dzia\u0142a\u0144 (mi\u0119dzy innymi wdro\u017cenie pracy zdalnej) w celu zapobiegania rozprzestrzenianiu si\u0119 Sars-CoV-2.<\/span><\/p>\n<p><strong>Czytaj wi\u0119cej:\u00a0<a href=\"https:\/\/www.timecamp.com\/pl\/blog\/2020\/03\/praca-zdalna-w-2020\/\" target=\"_blank\" rel=\"noopener noreferrer\">Praca zdalna w 2020 roku: 7 prostych hack\u00f3w!<\/a><\/strong><\/p>\n<p><span style=\"font-weight: 400;\">Praca zdalna, cho\u0107 do tej pory nie by\u0142a dobrze zdefiniowana w polskim prawie &#8211; istnieje od dawna. Wiele polskich przedsi\u0119biorstw korzysta z mo\u017cliwo\u015bci zdalnego zatrudnienia. Nie ma w tym absolutnie nic, co mog\u0142oby dziwi\u0107, w ko\u0144cu &#8211; niesie to za sob\u0105 mn\u00f3stwo korzy\u015bci. Warto mie\u0107 jednak \u015bwiadomo\u015b\u0107, \u017ce praca zdalna &#8211; niestety &#8211; nie jest pozbawiona wad.<\/span><\/p>\n<h2><b>Czym w\u0142a\u015bciwie jest praca zdalna?<\/b><\/h2>\n<p><span style=\"font-weight: 400;\">Zanim przejdziemy do tre\u015bci w\u0142a\u015bciwej, tj. szans i zagro\u017ce\u0144 pojawiaj\u0105cych si\u0119 przy wdro\u017ceniu pracy zdalnej, warto obja\u015bni\u0107 co rozumiemy poprzez termin &#8222;pracy zdalnej&#8221;.<\/span><\/p>\n<blockquote><p><span style=\"font-weight: 400;\">Wed\u0142ug definicji encyklopedycznej<\/span><span style=\"font-weight: 400;\">, praca zdalna (telepraca, <a href=\"https:\/\/pl.wikipedia.org\/wiki\/Telepraca\" target=\"_blank\" rel=\"nofollow\">sprawd\u017a tu<\/a>) to\u00a0 <\/span><i><span style=\"font-weight: 400;\">forma organizacji pracy polegaj\u0105ca na \u015bwiadczeniu pracy poza jednostk\u0105 organizacyjn\u0105 pracodawcy za pomoc\u0105 <a href=\"https:\/\/www.timecamp.com\/pl\/blog\/2021\/04\/raport-komunikacja-zdalna\/\">\u015brodk\u00f3w komunikacji elektronicznej<\/a>.<\/span><\/i><\/p><\/blockquote>\n<h2><b>Plusy pracy zdalnej dla pracodawcy<\/b><\/h2>\n<p><span style=\"font-weight: 400;\">Wiele os\u00f3b, mylnie uwa\u017ca, \u017ce jedynym plusem wprowadzenia pracy zdalnej jest <\/span><b>ograniczenie koszt\u00f3w wynikaj\u0105cych z braku konieczno\u015bci wynajmowania powierzchni biurowej i miejsc parkingowych dla pracownik\u00f3w.<\/b><span style=\"font-weight: 400;\"> Oczywi\u015bcie, jest to jeden z g\u0142\u00f3wnych plus\u00f3w pracy zdalnej, ale trudno si\u0119 zgodzi\u0107 z tym, \u017ce jest on jedyny.<\/span><\/p>\n<p><span style=\"font-weight: 400;\">Praca zdalna daje r\u00f3wnie\u017c <\/span><b>mo\u017cliwo\u015b\u0107 zatrudnienia specjalist\u00f3w z dowolnego miejsca na ziemi. <\/b><span style=\"font-weight: 400;\">Oznacza to, \u017ce rynek pracownik\u00f3w jest znacznie wi\u0119kszy. Nie ograniczamy si\u0119 tylko do pracownik\u00f3w lokalnych. Wszak, w niekt\u00f3rych bran\u017cach &#8211; liczba specjalist\u00f3w w danym regionie jest na tyle ma\u0142a, \u017ce nie jeste\u015bmy w stanie nikogo zatrudni\u0107.<\/span><\/p>\n<p><span style=\"font-weight: 400;\">Id\u0105c dalej, warto zauwa\u017cy\u0107, \u017ce <\/span><b>przez wielu pracownik\u00f3w, mo\u017cliwo\u015b\u0107 pracy zdalnej odbierana jest jako atut<\/b><span style=\"font-weight: 400;\">. Tym samym, nasza oferta pracy jest jeszcze atrakcyjniejsza, co obecnie przy tzw. &#8222;rynku pracownika&#8221; jest bardzo wa\u017cne. Niekiedy, to w\u0142a\u015bnie praca zdalna jest jednym z kluczowych argument\u00f3w przemawiaj\u0105cych za wyborem danej oferty.<\/span><\/p>\n<p><span style=\"font-weight: 400;\"><br \/>\n<a href=\"https:\/\/www.timecamp.com\/pl\/blog\/wp-content\/uploads\/2020\/06\/praca-zdalna.png\"><img loading=\"lazy\" decoding=\"async\" class=\"alignnone wp-image-8811 size-full\" src=\"https:\/\/www.timecamp.com\/pl\/blog\/wp-content\/uploads\/2020\/06\/praca-zdalna.png\" alt=\"\" width=\"779\" height=\"455\" srcset=\"https:\/\/www.timecamp.com\/pl\/blog\/wp-content\/uploads\/2020\/06\/praca-zdalna.png 779w, https:\/\/www.timecamp.com\/pl\/blog\/wp-content\/uploads\/2020\/06\/praca-zdalna-300x175.png 300w, https:\/\/www.timecamp.com\/pl\/blog\/wp-content\/uploads\/2020\/06\/praca-zdalna-768x449.png 768w, https:\/\/www.timecamp.com\/pl\/blog\/wp-content\/uploads\/2020\/06\/praca-zdalna-600x350.png 600w, https:\/\/www.timecamp.com\/pl\/blog\/wp-content\/uploads\/2020\/06\/praca-zdalna-390x228.png 390w\" sizes=\"auto, (max-width: 779px) 100vw, 779px\" \/><\/a><br \/>\n<\/span><\/p>\n<h2><b>Plusy pracy zdalnej dla pracownika<\/b><\/h2>\n<p><span style=\"font-weight: 400;\">Jak ju\u017c zd\u0105\u017cyli\u015bmy wspomnie\u0107, wielu pracownik\u00f3w traktuje prac\u0119 zdaln\u0105 jako atut.<\/span> <span style=\"font-weight: 400;\">Badania przeprowadzone przez serwis pracuj.pl (<a href=\"https:\/\/media.pracuj.pl\/89350-polacy-zdolni-do-pracy-zdalnej-badania-pracujpl\" target=\"_blank\" rel=\"nofollow\">wi\u0119cej tutaj<\/a>)<\/span><span style=\"font-weight: 400;\">\u00a0jednoznacznie wskazuj\u0105, \u017ce praca zdalna z punktu widzenia pracownika to zaleta:<\/span><\/p>\n<p><b>Wyniki badania w skr\u00f3cie:<\/b><\/p>\n<ul>\n<li style=\"font-weight: 400;\"><b>8 na 10<\/b><span style=\"font-weight: 400;\"> respondent\u00f3w Pracuj.pl pozytywnie ocenia model pracy zdalnej.<\/span><\/li>\n<li style=\"font-weight: 400;\"><b>8 na 10 <\/b><span style=\"font-weight: 400;\">ch\u0119tniej aplikuje na stanowiska umo\u017cliwiaj\u0105ce prac\u0119 zdaln\u0105.<\/span><\/li>\n<li style=\"font-weight: 400;\"><b>9 na 10<\/b><span style=\"font-weight: 400;\"> chcia\u0142oby pracowa\u0107 zdalnie przynajmniej przez cz\u0119\u015b\u0107 czasu.<\/span><\/li>\n<\/ul>\n<p><span style=\"font-weight: 400;\">Korzy\u015bci wynikaj\u0105cych z pracy zdalnej jest wiele. Pocz\u0105wszy od zdecydowanie wi\u0119kszej niezale\u017cno\u015bci (brak bezpo\u015bredniego nadzoru nad wykonywan\u0105 prac\u0105), poprzez spor\u0105 oszcz\u0119dno\u015b\u0107 czasu (brak dojazd\u00f3w do i z biura), a sko\u0144czywszy na braku rozpraszaczy biurowych (ha\u0142as, rozmowy z innymi pracownikami itp.).<\/span><\/p>\n<p><span style=\"font-weight: 400;\">Do plus\u00f3w pracy zdalnej nale\u017cy r\u00f3wnie\u017c zaliczy\u0107 mo\u017cliwo\u015b\u0107 zdecydowanie wi\u0119kszej elastyczno\u015bci. Pracodawcy cz\u0119stokro\u0107 pozwalaj\u0105 pracowa\u0107 w dowolnych godzinach. Co wi\u0119cej &#8211; praca zdalna mo\u017ce i\u015b\u0107 w parze z wi\u0119kszymi zarobkami, co jest wynikiem faktu, i\u017c pracodawca oszcz\u0119dza m.in. na wynajmie przestrzeni biurowej.<\/span><\/p>\n<h2><b>Minusy pracy zdalnej dla pracodawcy<\/b><\/h2>\n<p><span style=\"font-weight: 400;\">Wielu pracodawc\u00f3w z do\u015b\u0107 du\u017cym dystansem podchodzi do wdro\u017cenia pracy zdalnej w firmie. Obawy, kt\u00f3re towarzysz\u0105 osobom zarz\u0105dzaj\u0105cym zwykle dotycz\u0105ca zaufania, a konkretniej &#8211; <strong>braku mo\u017cliwo\u015bci sprawowania bezpo\u015bredniej kontroli nad pracownikiem<\/strong>.<\/span><\/p>\n<p><span style=\"font-weight: 400;\">To oczywi\u015bcie nie wszystko! Wielu przedsi\u0119biorc\u00f3w, mimo zaufania do swoich pracownik\u00f3w &#8211; nie decyduje si\u0119 na wdro\u017cenie pracy zdalnej ze wzgl\u0119du na brak integracji. Zgrany zesp\u00f3\u0142 to zdecydowanie wi\u0119ksze mo\u017cliwo\u015bci. Dobra atmosfera w biurze ma niebagatelny wp\u0142yw na produktywno\u015b\u0107. Co wi\u0119cej, pracodawcy zauwa\u017caj\u0105, \u017ce pracownicy zdalni nie uto\u017csamiaj\u0105 si\u0119 z firm\u0105 i znacznie cz\u0119\u015bciej stawiaj\u0105 na w\u0142asny rozw\u00f3j, a nie sukces ca\u0142ej firmy.<\/span><\/p>\n<p><span style=\"font-weight: 400;\">Id\u0105c dalej, za minus pracy zdalnej podaje si\u0119 r\u00f3wnie\u017c ograniczone mo\u017cliwo\u015bci zarz\u0105dzania zespo\u0142em. Brak mo\u017cliwo\u015bci wydawania bezpo\u015brednich polece\u0144 i wgl\u0105d w post\u0119p projekt\u00f3w w czasie rzeczywistym jest sporym problemem.<\/span><\/p>\n<p><span style=\"font-weight: 400;\">Warto mie\u0107 jednak \u015bwiadomo\u015b\u0107, \u017ce rynek bardzo szybko odpowiada na zagro\u017cenia i minusy pracy zdalnej. Istnieje szereg r\u00f3\u017cnych program\u00f3w, kt\u00f3re pozwalaj\u0105 na sprawne zarz\u0105dzanie zadaniami, projektami i ca\u0142ym zespo\u0142em. Na wyr\u00f3\u017cnienie zas\u0142uguje mi\u0119dzy innymi:<\/span><\/p>\n<h4><b>TimeCamp Planner<\/b><\/h4>\n<p><span style=\"font-weight: 400;\">TimeCamp Planner to program, kt\u00f3ry \u0142\u0105czy w sobie cechy <strong>komunikatora internetowego<\/strong> (pozwala na komunikacj\u0119 grupow\u0105 oraz 1\/1),<strong> tablicy kanbanowej z list\u0105 zada\u0144 do wykonania oraz indywidualnego kalendarza dla ka\u017cdego pracownika<\/strong>. To rozwi\u0105zanie, kt\u00f3re jest pozytywnie oceniane zar\u00f3wno przez pracownik\u00f3w, jak i pracodawc\u00f3w.<\/span><\/p>\n<p><span style=\"font-weight: 400;\">Niew\u0105tpliwie, TimeCamp Planner rozwi\u0105zuje wiele problem\u00f3w zwi\u0105zanych z prac\u0105 zdaln\u0105. Brakuje mu tylko jednej funkcji, a mianowicie &#8211; monitorowania komputera i mierzenia czasu pracy. Ale&#8230;<\/span><\/p>\n<p><a href=\"https:\/\/www.timecamp.com\/pl\/blog\/wp-content\/uploads\/2023\/02\/02-name1.png\"><img loading=\"lazy\" decoding=\"async\" class=\"aligncenter size-full wp-image-7219\" src=\"https:\/\/www.timecamp.com\/pl\/blog\/wp-content\/uploads\/2023\/02\/02-name1.png\" alt=\"\" width=\"1584\" height=\"844\" srcset=\"https:\/\/www.timecamp.com\/pl\/blog\/wp-content\/uploads\/2023\/02\/02-name1.png 1584w, https:\/\/www.timecamp.com\/pl\/blog\/wp-content\/uploads\/2023\/02\/02-name1-300x160.png 300w, https:\/\/www.timecamp.com\/pl\/blog\/wp-content\/uploads\/2023\/02\/02-name1-1024x546.png 1024w, https:\/\/www.timecamp.com\/pl\/blog\/wp-content\/uploads\/2023\/02\/02-name1-768x409.png 768w, https:\/\/www.timecamp.com\/pl\/blog\/wp-content\/uploads\/2023\/02\/02-name1-1536x818.png 1536w, https:\/\/www.timecamp.com\/pl\/blog\/wp-content\/uploads\/2023\/02\/02-name1-600x320.png 600w, https:\/\/www.timecamp.com\/pl\/blog\/wp-content\/uploads\/2023\/02\/02-name1-390x208.png 390w, https:\/\/www.timecamp.com\/pl\/blog\/wp-content\/uploads\/2023\/02\/02-name1-839x447.png 839w\" sizes=\"auto, (max-width: 1584px) 100vw, 1584px\" \/><\/a><\/p>\n<h3><b>TimeCamp<\/b><\/h3>\n<p><span style=\"font-weight: 400;\">TimeCamp to program, kt\u00f3ry umo\u017cliwia rejestracj\u0119 czasu pracy pracownika oraz monitorowanie jego komputera. To niezwykle pomocne narz\u0119dzie, kt\u00f3re czyni stosunki mi\u0119dzy pracownikiem a pracodawc\u0105 bardziej transparentnymi. Co ciekawe &#8211; nierzadko wykorzystywane jest tak\u017ce przy pracy biurowej. Nie mniej, szczeg\u00f3lnie doceniane jest w\u0142a\u015bnie przy telepracy.<\/span><\/p>\n<p><span style=\"font-weight: 400;\">TimeCamp to nie tylko <strong>tracker czasu pracy<\/strong>, ale tak\u017ce narz\u0119dzie wspomagaj\u0105ce dzia\u0142a HR w firmy. Za jego spraw\u0105 mo\u017cemy automatycznie fakturowa\u0107 projekty, ewidencjonowa\u0107 czas pracy, sp\u00f3\u017anienia oraz nieobecno\u015bci.<\/span><\/p>\n<p><a href=\"https:\/\/www.timecamp.com\/pl\/blog\/wp-content\/uploads\/2020\/06\/09-blog.png\"><img loading=\"lazy\" decoding=\"async\" class=\"alignnone wp-image-8812 size-full\" src=\"https:\/\/www.timecamp.com\/pl\/blog\/wp-content\/uploads\/2020\/06\/09-blog.png\" alt=\"\" width=\"759\" height=\"682\" srcset=\"https:\/\/www.timecamp.com\/pl\/blog\/wp-content\/uploads\/2020\/06\/09-blog.png 759w, https:\/\/www.timecamp.com\/pl\/blog\/wp-content\/uploads\/2020\/06\/09-blog-300x270.png 300w, https:\/\/www.timecamp.com\/pl\/blog\/wp-content\/uploads\/2020\/06\/09-blog-445x400.png 445w, https:\/\/www.timecamp.com\/pl\/blog\/wp-content\/uploads\/2020\/06\/09-blog-274x246.png 274w, https:\/\/www.timecamp.com\/pl\/blog\/wp-content\/uploads\/2020\/06\/09-blog-622x559.png 622w\" sizes=\"auto, (max-width: 759px) 100vw, 759px\" \/><\/a><\/p>\n<h2><b>Minusy pracy zdalnej dla pracownika<\/b><\/h2>\n<p><span style=\"font-weight: 400;\">Cho\u0107 badania jednoznacznie wskazuj\u0105, \u017ce zdecydowana wi\u0119kszo\u015b\u0107 pracownik\u00f3w cieszy si\u0119 z wdro\u017cenia pracy zdalnej, to trudno powiedzie\u0107, by by\u0142o to rozwi\u0105zanie pozbawione wad. Cz\u0119\u015bciowo wynika to z faktu, i\u017c praca &#8211; w swojej naturze jest czym\u015b, co ochoczo krytykujemy. Dlatego te\u017c, wiele os\u00f3b z \u0142atwo\u015bci\u0105 wskazuje na wady i zagro\u017cenia telepracy.<\/span><\/p>\n<p><span style=\"font-weight: 400;\">Zdecydowanie najwi\u0119kszym minusem zdaj\u0105 si\u0119 by\u0107 <strong>domowe rozpraszacze i mocno ograniczona motywacja<\/strong>. Pracuj\u0105c z domu, cz\u0119stokro\u0107 imamy si\u0119 innych zaj\u0119\u0107, co niew\u0105tpliwie ma wp\u0142yw na nasz\u0105 produktywno\u015b\u0107. Co wi\u0119cej, <strong>ekstrawertycy &#8211; narzekaj\u0105 na brak kontaktu z innymi pracownikami<\/strong>.<\/span><\/p>\n<p><span style=\"font-weight: 400;\">Minusem pracy zdalnej z punktu widzenia pracownika mo\u017cemy by\u0107 r\u00f3wnie\u017c <strong>konieczno\u015b\u0107 organizacji domowego biura<\/strong>. Nie ka\u017cdy ma warunki mieszkaniowe pozwalaj\u0105ce na wygodn\u0105, spokojn\u0105 i produktywn\u0105 prac\u0119 zdaln\u0105.<\/span><\/p>\n<h2><b>Czy warto wdro\u017cy\u0107 prac\u0119 zdaln\u0105 w firmie?<\/b><\/h2>\n<p><span style=\"font-weight: 400;\">Praca zdalna to ogromna szansa na rozw\u00f3j dla wielu firm &#8211; niezale\u017cnie od ich startowej wielko\u015bci. Analizuj\u0105c szanse i zagro\u017cenia wynikaj\u0105ce z wdro\u017cenia telepracy, mo\u017cna pokusi\u0107 si\u0119 o jednoznaczny wniosek: dobrze zorganizowana praca zdalna mo\u017ce zar\u00f3wno by\u0107 wygodna dla pracownika, jak i w pe\u0142ni bezpieczna dla pracodawcy.<\/span><\/p>\n<p><span style=\"font-weight: 400;\">Rzecz jasna, lista szans i zagro\u017ce\u0144 mo\u017ce by\u0107 r\u00f3\u017cna w zale\u017cno\u015bci od charakteru wykonywanej dzia\u0142alno\u015bci gospodarczej.\u00a0 \u00a0<\/span><\/p>\n<p class=\"p1\"><section id=\"contact_banner\">\n<div class=\"header\">\n    <span>Mierz rentowno\u015b\u0107 jak najlepsi<\/span><\/p>\n<p>Um\u00f3w prezentacj\u0119, i sprawd\u017c, jak dzia\u0142a TimeCamp skonfigurowany pod struktur\u0119 Twojej firmy, obieg danych oraz system raportowania.<\/p>\n<\/p><\/div>\n<div class=\"content\">\n<div class=\"image\">\n      <img decoding=\"async\" src=\"https:\/\/www.timecamp.com\/blog\/wp-content\/uploads\/2026\/02\/contact-banner-image.png\" alt=\"banner\">\n    <\/div>\n<div class=\"text\">\n      <span>Dlaczego warto si\u0119 z nami spotka\u0107?<\/span><\/p>\n<ul>\n<li>\n          <img decoding=\"async\" src=\"https:\/\/www.timecamp.com\/blog\/wp-content\/uploads\/2026\/02\/checkmark-blue.svg\" alt=\"icon\"><\/p>\n<p>Nasz konsultant oprowadzi ci\u0119 po produkcie i dostosuje ofert\u0119<\/p>\n<\/li>\n<li>\n          <img decoding=\"async\" src=\"https:\/\/www.timecamp.com\/blog\/wp-content\/uploads\/2026\/02\/checkmark-blue.svg\" alt=\"icon\"><\/p>\n<p>Odpowiemy na wszystkie Twoje pytania na \u017cywo<\/p>\n<\/li>\n<li>\n          <img decoding=\"async\" src=\"https:\/\/www.timecamp.com\/blog\/wp-content\/uploads\/2026\/02\/checkmark-blue.svg\" alt=\"icon\"><\/p>\n<p>Dowiesz si\u0119 jak po\u0142\u0105czy\u0107 TimeCamp z narz\u0119dziami, kt\u00f3rych u\u017cywacie<\/p>\n<\/li>\n<\/ul><\/div>\n<\/p><\/div>\n<div class=\"buttons\">\n              <a\n            class=\"btn btn-filled orange\"\n            rel=\"nofollow\"\n            href=\"\"\n            onclick=\"\n              Calendly.initPopupWidget({\n                url: 'https:\/\/calendly.com\/timecamp-nkaleta\/20min?utm_source=web&#038;utm_medium=cta&#038;utm_campaign=widget&#038;utm_content=wdg_demo',\n              });\n              return false;\n            \"\n            >Um\u00f3w demo<\/a\n          >\n  <\/div>\n<div class=\"teams\">\n<div class=\"text-with-line\">\n<div class=\"line\"><\/div>\n<p class=\"text\">Do\u0142\u0105cz do 18,000+ zadowolonych zespo\u0142\u00f3w<\/p>\n<div class=\"line\"><\/div>\n<\/p><\/div>\n<div class=\"icons\">\n      <img decoding=\"async\" src=\"https:\/\/cdn-y.timecamp.com\/img\/components\/banner-contact-us\/icons\/pwc.svg\" alt=\"icon\"><img decoding=\"async\" src=\"https:\/\/cdn-y.timecamp.com\/img\/components\/banner-contact-us\/icons\/similarweb.svg\" alt=\"icon\"><img decoding=\"async\" src=\"https:\/\/cdn-y.timecamp.com\/img\/components\/banner-contact-us\/icons\/accenture.svg\" alt=\"icon\"><img decoding=\"async\" src=\"https:\/\/cdn-y.timecamp.com\/img\/components\/banner-contact-us\/icons\/roche.svg\" alt=\"icon\"><img decoding=\"async\" src=\"https:\/\/cdn-y.timecamp.com\/img\/components\/banner-contact-us\/icons\/havas.svg\" alt=\"icon\"><img decoding=\"async\" src=\"https:\/\/cdn-y.timecamp.com\/img\/components\/banner-contact-us\/icons\/dekra.svg\" alt=\"icon\">\n    <\/div>\n<\/p><\/div>\n<div class=\"image-mobile\">\n      <img decoding=\"async\" src=\"https:\/\/www.timecamp.com\/blog\/wp-content\/uploads\/2026\/02\/contact-banner-image.png\" alt=\"banner\">\n    <\/div>\n<div class=\"testimonial\">\n    <img decoding=\"async\" src=\"https:\/\/www.timecamp.com\/blog\/wp-content\/uploads\/2026\/02\/companies.svg\" alt=\"icon\"><img decoding=\"async\" src=\"https:\/\/www.timecamp.com\/pl\/blog\/wp-content\/uploads\/2026\/02\/reviews.png\" style=\"max-width: 250px !important;\" alt=\"icon\">\n  <\/div>\n<\/section>\n<link href=\"https:\/\/assets.calendly.com\/assets\/external\/widget.css\" rel=\"stylesheet\">\n<script src=\"https:\/\/assets.calendly.com\/assets\/external\/widget.js\" type=\"text\/javascript\" async><\/script><\/p>\n<\/p>\n","protected":false},"excerpt":{"rendered":"<p>Wdro\u017cenie pracy zdalnej w firmie to wyzwanie, z kt\u00f3rym zmaga si\u0119 wiele przedsi\u0119biorstw. Pandemia Sars-CoV-2 sprawi\u0142a, \u017ce wielu pracodawc\u00f3w zosta\u0142o niemal zmuszonych do zamkni\u0119cia swoich biur i plac\u00f3wek. Lwia cz\u0119\u015b\u0107 z nich, tu\u017c po wdro\u017ceniu telepracy &#8211; zauwa\u017cy\u0142a wiele korzy\u015bci wynikaj\u0105cych z tego rozwi\u0105zania. Pandemia koronawirusa, kt\u00f3ra zosta\u0142a og\u0142oszona na pocz\u0105tku 2020 roku sprawi\u0142a, \u017ce [&hellip;]<\/p>\n","protected":false},"author":3,"featured_media":7507,"comment_status":"closed","ping_status":"open","sticky":false,"template":"","format":"standard","meta":{"_acf_changed":false,"_glsr_average":0,"_glsr_ranking":0,"_glsr_reviews":0,"footnotes":""},"categories":[49],"tags":[],"class_list":["post-5678","post","type-post","status-publish","format-standard","has-post-thumbnail","hentry","category-praca"],"acf":[],"yoast_head":"<!-- This site is optimized with the Yoast SEO plugin v25.4 - https:\/\/yoast.com\/wordpress\/plugins\/seo\/ -->\n<title>Wdro\u017cenie pracy zdalnej w firmie - szanse i zagro\u017cenia - TimeCamp Blog \u2013 Zarz\u0105dzanie czasem<\/title>\n<meta name=\"description\" content=\"Sytuacja na \u015bwiecie spowoda\u0142a, \u017ce wielu pracodawc\u00f3w zdecydowa\u0142o si\u0119 na wdro\u017cenie pracy zdalnej w swojej firmie. Jakie niesie to szanse i zagro\u017cenia?\" \/>\n<meta name=\"robots\" content=\"index, follow, max-snippet:-1, max-image-preview:large, max-video-preview:-1\" \/>\n<link rel=\"canonical\" href=\"https:\/\/www.timecamp.com\/pl\/blog\/wdrozenie-pracy-zdalnej-w-firmie-szanse-i-zagrozenia\/\" \/>\n<meta property=\"og:locale\" content=\"pl_PL\" \/>\n<meta property=\"og:type\" content=\"article\" \/>\n<meta property=\"og:title\" content=\"Wdro\u017cenie pracy zdalnej w firmie - szanse i zagro\u017cenia - TimeCamp Blog \u2013 Zarz\u0105dzanie czasem\" \/>\n<meta property=\"og:description\" content=\"Sytuacja na \u015bwiecie spowoda\u0142a, \u017ce wielu pracodawc\u00f3w zdecydowa\u0142o si\u0119 na wdro\u017cenie pracy zdalnej w swojej firmie. Jakie niesie to szanse i zagro\u017cenia?\" \/>\n<meta property=\"og:url\" content=\"https:\/\/www.timecamp.com\/pl\/blog\/wdrozenie-pracy-zdalnej-w-firmie-szanse-i-zagrozenia\/\" \/>\n<meta property=\"og:site_name\" content=\"TimeCamp Blog \u2013 Zarz\u0105dzanie czasem\" \/>\n<meta property=\"article:published_time\" content=\"2020-06-17T10:10:25+00:00\" \/>\n<meta property=\"article:modified_time\" content=\"2026-02-10T10:54:02+00:00\" \/>\n<meta property=\"og:image\" content=\"https:\/\/www.timecamp.com\/pl\/blog\/wp-content\/uploads\/2020\/06\/Wdrozenie-pracy-zdalnej-w-firmie-\u2013-szanse-i-zagrozenia.jpg\" \/>\n\t<meta property=\"og:image:width\" content=\"1260\" \/>\n\t<meta property=\"og:image:height\" content=\"860\" \/>\n\t<meta property=\"og:image:type\" content=\"image\/jpeg\" \/>\n<meta name=\"author\" content=\"Ola Rybacka\" \/>\n<meta name=\"twitter:label1\" content=\"Napisane przez\" \/>\n\t<meta name=\"twitter:data1\" content=\"Ola Rybacka\" \/>\n\t<meta name=\"twitter:label2\" content=\"Szacowany czas czytania\" \/>\n\t<meta name=\"twitter:data2\" content=\"7 minut\" \/>\n<script type=\"application\/ld+json\" class=\"yoast-schema-graph\">{\"@context\":\"https:\/\/schema.org\",\"@graph\":[{\"@type\":\"WebPage\",\"@id\":\"https:\/\/www.timecamp.com\/pl\/blog\/wdrozenie-pracy-zdalnej-w-firmie-szanse-i-zagrozenia\/\",\"url\":\"https:\/\/www.timecamp.com\/pl\/blog\/wdrozenie-pracy-zdalnej-w-firmie-szanse-i-zagrozenia\/\",\"name\":\"Wdro\u017cenie pracy zdalnej w firmie - szanse i zagro\u017cenia - TimeCamp Blog \u2013 Zarz\u0105dzanie czasem\",\"isPartOf\":{\"@id\":\"https:\/\/www.timecamp.com\/pl\/blog\/#website\"},\"primaryImageOfPage\":{\"@id\":\"https:\/\/www.timecamp.com\/pl\/blog\/wdrozenie-pracy-zdalnej-w-firmie-szanse-i-zagrozenia\/#primaryimage\"},\"image\":{\"@id\":\"https:\/\/www.timecamp.com\/pl\/blog\/wdrozenie-pracy-zdalnej-w-firmie-szanse-i-zagrozenia\/#primaryimage\"},\"thumbnailUrl\":\"https:\/\/www.timecamp.com\/pl\/blog\/wp-content\/uploads\/2020\/06\/Wdrozenie-pracy-zdalnej-w-firmie-\u2013-szanse-i-zagrozenia.jpg\",\"datePublished\":\"2020-06-17T10:10:25+00:00\",\"dateModified\":\"2026-02-10T10:54:02+00:00\",\"author\":{\"@id\":\"https:\/\/www.timecamp.com\/pl\/blog\/#\/schema\/person\/885116ec83194d0a30ca75926bed0f82\"},\"description\":\"Sytuacja na \u015bwiecie spowoda\u0142a, \u017ce wielu pracodawc\u00f3w zdecydowa\u0142o si\u0119 na wdro\u017cenie pracy zdalnej w swojej firmie. Jakie niesie to szanse i zagro\u017cenia?\",\"breadcrumb\":{\"@id\":\"https:\/\/www.timecamp.com\/pl\/blog\/wdrozenie-pracy-zdalnej-w-firmie-szanse-i-zagrozenia\/#breadcrumb\"},\"inLanguage\":\"pl-PL\",\"potentialAction\":[{\"@type\":\"ReadAction\",\"target\":[\"https:\/\/www.timecamp.com\/pl\/blog\/wdrozenie-pracy-zdalnej-w-firmie-szanse-i-zagrozenia\/\"]}]},{\"@type\":\"ImageObject\",\"inLanguage\":\"pl-PL\",\"@id\":\"https:\/\/www.timecamp.com\/pl\/blog\/wdrozenie-pracy-zdalnej-w-firmie-szanse-i-zagrozenia\/#primaryimage\",\"url\":\"https:\/\/www.timecamp.com\/pl\/blog\/wp-content\/uploads\/2020\/06\/Wdrozenie-pracy-zdalnej-w-firmie-\u2013-szanse-i-zagrozenia.jpg\",\"contentUrl\":\"https:\/\/www.timecamp.com\/pl\/blog\/wp-content\/uploads\/2020\/06\/Wdrozenie-pracy-zdalnej-w-firmie-\u2013-szanse-i-zagrozenia.jpg\",\"width\":1260,\"height\":860,\"caption\":\"pracownicy zdalni w ekranach swoich komputer\u00f3w\"},{\"@type\":\"BreadcrumbList\",\"@id\":\"https:\/\/www.timecamp.com\/pl\/blog\/wdrozenie-pracy-zdalnej-w-firmie-szanse-i-zagrozenia\/#breadcrumb\",\"itemListElement\":[{\"@type\":\"ListItem\",\"position\":1,\"name\":\"Home\",\"item\":\"https:\/\/www.timecamp.com\/pl\/blog\/\"},{\"@type\":\"ListItem\",\"position\":2,\"name\":\"Wdro\u017cenie pracy zdalnej w firmie &#8211; szanse i zagro\u017cenia\"}]},{\"@type\":\"WebSite\",\"@id\":\"https:\/\/www.timecamp.com\/pl\/blog\/#website\",\"url\":\"https:\/\/www.timecamp.com\/pl\/blog\/\",\"name\":\"TimeCamp Blog \u2013 Zarz\u0105dzanie czasem\",\"description\":\"TimeCamp\",\"potentialAction\":[{\"@type\":\"SearchAction\",\"target\":{\"@type\":\"EntryPoint\",\"urlTemplate\":\"https:\/\/www.timecamp.com\/pl\/blog\/?s={search_term_string}\"},\"query-input\":{\"@type\":\"PropertyValueSpecification\",\"valueRequired\":true,\"valueName\":\"search_term_string\"}}],\"inLanguage\":\"pl-PL\"},{\"@type\":\"Person\",\"@id\":\"https:\/\/www.timecamp.com\/pl\/blog\/#\/schema\/person\/885116ec83194d0a30ca75926bed0f82\",\"name\":\"Ola Rybacka\",\"image\":{\"@type\":\"ImageObject\",\"inLanguage\":\"pl-PL\",\"@id\":\"https:\/\/www.timecamp.com\/pl\/blog\/#\/schema\/person\/image\/\",\"url\":\"https:\/\/secure.gravatar.com\/avatar\/a55bc496bb3430306d4e86473315e6b277b8d71806c72ec1442d64040b15a8a0?s=96&d=mm&r=g\",\"contentUrl\":\"https:\/\/secure.gravatar.com\/avatar\/a55bc496bb3430306d4e86473315e6b277b8d71806c72ec1442d64040b15a8a0?s=96&d=mm&r=g\",\"caption\":\"Ola Rybacka\"},\"description\":\"Product Marketer i Content Specialist w TimeCamp. Pracuje zdalnie od ponad dziesi\u0119ciu lat i wie, jak nie zwariowa\u0107, gdy dom jest jednocze\u015bnie miejscem pracy i odpoczynku. Zna TimeCamp od podszewki, co wida\u0107 w artyku\u0142ach i filmach, gdzie przek\u0142ada techniczny \u017cargon na co\u015b bardziej reader-friendly. A po pracy? Manga, anime i kucie do egzaminu JLPT.\",\"url\":\"https:\/\/www.timecamp.com\/pl\/blog\/author\/o-rybacka\/\"}]}<\/script>\n<!-- \/ Yoast SEO plugin. -->","yoast_head_json":{"title":"Wdro\u017cenie pracy zdalnej w firmie - szanse i zagro\u017cenia - TimeCamp Blog \u2013 Zarz\u0105dzanie czasem","description":"Sytuacja na \u015bwiecie spowoda\u0142a, \u017ce wielu pracodawc\u00f3w zdecydowa\u0142o si\u0119 na wdro\u017cenie pracy zdalnej w swojej firmie. Jakie niesie to szanse i zagro\u017cenia?","robots":{"index":"index","follow":"follow","max-snippet":"max-snippet:-1","max-image-preview":"max-image-preview:large","max-video-preview":"max-video-preview:-1"},"canonical":"https:\/\/www.timecamp.com\/pl\/blog\/wdrozenie-pracy-zdalnej-w-firmie-szanse-i-zagrozenia\/","og_locale":"pl_PL","og_type":"article","og_title":"Wdro\u017cenie pracy zdalnej w firmie - szanse i zagro\u017cenia - TimeCamp Blog \u2013 Zarz\u0105dzanie czasem","og_description":"Sytuacja na \u015bwiecie spowoda\u0142a, \u017ce wielu pracodawc\u00f3w zdecydowa\u0142o si\u0119 na wdro\u017cenie pracy zdalnej w swojej firmie. Jakie niesie to szanse i zagro\u017cenia?","og_url":"https:\/\/www.timecamp.com\/pl\/blog\/wdrozenie-pracy-zdalnej-w-firmie-szanse-i-zagrozenia\/","og_site_name":"TimeCamp Blog \u2013 Zarz\u0105dzanie czasem","article_published_time":"2020-06-17T10:10:25+00:00","article_modified_time":"2026-02-10T10:54:02+00:00","og_image":[{"width":1260,"height":860,"url":"https:\/\/www.timecamp.com\/pl\/blog\/wp-content\/uploads\/2020\/06\/Wdrozenie-pracy-zdalnej-w-firmie-\u2013-szanse-i-zagrozenia.jpg","type":"image\/jpeg"}],"author":"Ola Rybacka","twitter_misc":{"Napisane przez":"Ola Rybacka","Szacowany czas czytania":"7 minut"},"schema":{"@context":"https:\/\/schema.org","@graph":[{"@type":"WebPage","@id":"https:\/\/www.timecamp.com\/pl\/blog\/wdrozenie-pracy-zdalnej-w-firmie-szanse-i-zagrozenia\/","url":"https:\/\/www.timecamp.com\/pl\/blog\/wdrozenie-pracy-zdalnej-w-firmie-szanse-i-zagrozenia\/","name":"Wdro\u017cenie pracy zdalnej w firmie - szanse i zagro\u017cenia - TimeCamp Blog \u2013 Zarz\u0105dzanie czasem","isPartOf":{"@id":"https:\/\/www.timecamp.com\/pl\/blog\/#website"},"primaryImageOfPage":{"@id":"https:\/\/www.timecamp.com\/pl\/blog\/wdrozenie-pracy-zdalnej-w-firmie-szanse-i-zagrozenia\/#primaryimage"},"image":{"@id":"https:\/\/www.timecamp.com\/pl\/blog\/wdrozenie-pracy-zdalnej-w-firmie-szanse-i-zagrozenia\/#primaryimage"},"thumbnailUrl":"https:\/\/www.timecamp.com\/pl\/blog\/wp-content\/uploads\/2020\/06\/Wdrozenie-pracy-zdalnej-w-firmie-\u2013-szanse-i-zagrozenia.jpg","datePublished":"2020-06-17T10:10:25+00:00","dateModified":"2026-02-10T10:54:02+00:00","author":{"@id":"https:\/\/www.timecamp.com\/pl\/blog\/#\/schema\/person\/885116ec83194d0a30ca75926bed0f82"},"description":"Sytuacja na \u015bwiecie spowoda\u0142a, \u017ce wielu pracodawc\u00f3w zdecydowa\u0142o si\u0119 na wdro\u017cenie pracy zdalnej w swojej firmie. Jakie niesie to szanse i zagro\u017cenia?","breadcrumb":{"@id":"https:\/\/www.timecamp.com\/pl\/blog\/wdrozenie-pracy-zdalnej-w-firmie-szanse-i-zagrozenia\/#breadcrumb"},"inLanguage":"pl-PL","potentialAction":[{"@type":"ReadAction","target":["https:\/\/www.timecamp.com\/pl\/blog\/wdrozenie-pracy-zdalnej-w-firmie-szanse-i-zagrozenia\/"]}]},{"@type":"ImageObject","inLanguage":"pl-PL","@id":"https:\/\/www.timecamp.com\/pl\/blog\/wdrozenie-pracy-zdalnej-w-firmie-szanse-i-zagrozenia\/#primaryimage","url":"https:\/\/www.timecamp.com\/pl\/blog\/wp-content\/uploads\/2020\/06\/Wdrozenie-pracy-zdalnej-w-firmie-\u2013-szanse-i-zagrozenia.jpg","contentUrl":"https:\/\/www.timecamp.com\/pl\/blog\/wp-content\/uploads\/2020\/06\/Wdrozenie-pracy-zdalnej-w-firmie-\u2013-szanse-i-zagrozenia.jpg","width":1260,"height":860,"caption":"pracownicy zdalni w ekranach swoich komputer\u00f3w"},{"@type":"BreadcrumbList","@id":"https:\/\/www.timecamp.com\/pl\/blog\/wdrozenie-pracy-zdalnej-w-firmie-szanse-i-zagrozenia\/#breadcrumb","itemListElement":[{"@type":"ListItem","position":1,"name":"Home","item":"https:\/\/www.timecamp.com\/pl\/blog\/"},{"@type":"ListItem","position":2,"name":"Wdro\u017cenie pracy zdalnej w firmie &#8211; szanse i zagro\u017cenia"}]},{"@type":"WebSite","@id":"https:\/\/www.timecamp.com\/pl\/blog\/#website","url":"https:\/\/www.timecamp.com\/pl\/blog\/","name":"TimeCamp Blog \u2013 Zarz\u0105dzanie czasem","description":"TimeCamp","potentialAction":[{"@type":"SearchAction","target":{"@type":"EntryPoint","urlTemplate":"https:\/\/www.timecamp.com\/pl\/blog\/?s={search_term_string}"},"query-input":{"@type":"PropertyValueSpecification","valueRequired":true,"valueName":"search_term_string"}}],"inLanguage":"pl-PL"},{"@type":"Person","@id":"https:\/\/www.timecamp.com\/pl\/blog\/#\/schema\/person\/885116ec83194d0a30ca75926bed0f82","name":"Ola Rybacka","image":{"@type":"ImageObject","inLanguage":"pl-PL","@id":"https:\/\/www.timecamp.com\/pl\/blog\/#\/schema\/person\/image\/","url":"https:\/\/secure.gravatar.com\/avatar\/a55bc496bb3430306d4e86473315e6b277b8d71806c72ec1442d64040b15a8a0?s=96&d=mm&r=g","contentUrl":"https:\/\/secure.gravatar.com\/avatar\/a55bc496bb3430306d4e86473315e6b277b8d71806c72ec1442d64040b15a8a0?s=96&d=mm&r=g","caption":"Ola Rybacka"},"description":"Product Marketer i Content Specialist w TimeCamp. Pracuje zdalnie od ponad dziesi\u0119ciu lat i wie, jak nie zwariowa\u0107, gdy dom jest jednocze\u015bnie miejscem pracy i odpoczynku. Zna TimeCamp od podszewki, co wida\u0107 w artyku\u0142ach i filmach, gdzie przek\u0142ada techniczny \u017cargon na co\u015b bardziej reader-friendly. A po pracy? Manga, anime i kucie do egzaminu JLPT.","url":"https:\/\/www.timecamp.com\/pl\/blog\/author\/o-rybacka\/"}]}},"_links":{"self":[{"href":"https:\/\/www.timecamp.com\/pl\/blog\/wp-json\/wp\/v2\/posts\/5678","targetHints":{"allow":["GET"]}}],"collection":[{"href":"https:\/\/www.timecamp.com\/pl\/blog\/wp-json\/wp\/v2\/posts"}],"about":[{"href":"https:\/\/www.timecamp.com\/pl\/blog\/wp-json\/wp\/v2\/types\/post"}],"author":[{"embeddable":true,"href":"https:\/\/www.timecamp.com\/pl\/blog\/wp-json\/wp\/v2\/users\/3"}],"replies":[{"embeddable":true,"href":"https:\/\/www.timecamp.com\/pl\/blog\/wp-json\/wp\/v2\/comments?post=5678"}],"version-history":[{"count":13,"href":"https:\/\/www.timecamp.com\/pl\/blog\/wp-json\/wp\/v2\/posts\/5678\/revisions"}],"predecessor-version":[{"id":8808,"href":"https:\/\/www.timecamp.com\/pl\/blog\/wp-json\/wp\/v2\/posts\/5678\/revisions\/8808"}],"wp:featuredmedia":[{"embeddable":true,"href":"https:\/\/www.timecamp.com\/pl\/blog\/wp-json\/wp\/v2\/media\/7507"}],"wp:attachment":[{"href":"https:\/\/www.timecamp.com\/pl\/blog\/wp-json\/wp\/v2\/media?parent=5678"}],"wp:term":[{"taxonomy":"category","embeddable":true,"href":"https:\/\/www.timecamp.com\/pl\/blog\/wp-json\/wp\/v2\/categories?post=5678"},{"taxonomy":"post_tag","embeddable":true,"href":"https:\/\/www.timecamp.com\/pl\/blog\/wp-json\/wp\/v2\/tags?post=5678"}],"curies":[{"name":"wp","href":"https:\/\/api.w.org\/{rel}","templated":true}]}}