{"id":5800,"date":"2020-09-30T15:53:16","date_gmt":"2020-09-30T15:53:16","guid":{"rendered":"https:\/\/www.timecamp.com\/pl\/blog\/?p=5800"},"modified":"2026-02-10T10:28:01","modified_gmt":"2026-02-10T10:28:01","slug":"jak-organizowac-czas-pracy","status":"publish","type":"post","link":"https:\/\/www.timecamp.com\/pl\/blog\/jak-organizowac-czas-pracy\/","title":{"rendered":"Jak organizowa\u0107 czas pracy &#8211; proste, ale niezawodne triki na 2026"},"content":{"rendered":"<p><span style=\"font-weight: 400;\">Jak wygl\u0105da Tw\u00f3j styl pracy? Jest uporz\u0105dkowany, chaotyczny, czy raczej stanowi dzie\u0142o przypadku? Niezale\u017cnie jednak od tego, czym si\u0119 wyr\u00f3\u017cnia, mo\u017cecie by\u0107 pewni &#8211; nikt nie pracuje dok\u0142adnie tak samo, jak Wy! Ile ludzi, tyle charakter\u00f3w, co bezpo\u015brednio przek\u0142ada si\u0119 na podej\u015bcie do sposobu, w jaki wykonujemy nasze obowi\u0105zki. O ile nie ograniczaj\u0105 nas wymogi narzucone przez specyfik\u0119 wykonywanego zawodu (a przede wszystkim \u015bci\u015ble okre\u015blone procedury), mo\u017cemy pozwoli\u0107 sobie na pewn\u0105 dowolno\u015b\u0107, a dzi\u0119ki temu by\u0107 jeszcze bardziej efektywni.\u00a0 Dzi\u015b podpowiemy wam jak organizowa\u0107 czas pracy &#8211; wszystko na podstawie naszych do\u015bwiadcze\u0144!<\/span><\/p>\n<h3><b>Czym jest czas pracy?<\/b><\/h3>\n<p><span style=\"font-weight: 400;\">Przez &#8222;czas pracy&#8221; rozumiemy okres w ci\u0105gu doby, w kt\u00f3rym pozostajemy do dyspozycji pracodawcy.<\/span><span style=\"font-weight: 400;\">\u00a0W zale\u017cno\u015bci od tego, czy pracujemy w sztywnym, czy te\u017c nienormowanym systemie, wygl\u0105da on nieco inaczej. W pierwszym przypadku pracodawca okre\u015bla godziny w trakcie kt\u00f3rych pracownik powinien podj\u0105\u0107 swoje zadania (np. od \u00f3smej do szesnastej).<\/span><\/p>\n<p><span style=\"font-weight: 400;\">Obecna sytuacja sanitarno-epidemiologiczna sprawi\u0142a, \u017ce ramy te nie wi\u0105\u017c\u0105 si\u0119 ju\u017c bezpo\u015brednio z konieczno\u015bci\u0105 stawiennictwa w miejscu pracy, ten sam przedzia\u0142 czasowy mo\u017ce r\u00f3wnie\u017c obowi\u0105zywa\u0107 osoby pracuj\u0105ce zdalnie. Z kolei nienormowany czas zak\u0142ada wykonywanie powierzonych zada\u0144, dla kt\u00f3rych okre\u015blony jest przewa\u017cnie podstawowy, o\u015bmiogodzinny dzie\u0144 pracy.<\/span><\/p>\n<p><strong>Czytaj wi\u0119cej: <a href=\"https:\/\/www.timecamp.com\/pl\/blog\/2020\/08\/czym-jest-zadaniowy-czas-pracy-i-jak-go-rozliczac\/\">Czym jest zadaniowy czas pracy i jak go rozlicza\u0107<\/a>?<\/strong><\/p>\n<p><a href=\"https:\/\/www.timecamp.com\/pl\/blog\/wp-content\/uploads\/2020\/09\/Czym-jest-zadaniowy-czas-pracy-i-jak-go-rozliczac_.png\"><img loading=\"lazy\" decoding=\"async\" class=\"alignnone wp-image-8799 size-full\" src=\"https:\/\/www.timecamp.com\/pl\/blog\/wp-content\/uploads\/2020\/09\/Czym-jest-zadaniowy-czas-pracy-i-jak-go-rozliczac_.png\" alt=\"\" width=\"759\" height=\"519\" srcset=\"https:\/\/www.timecamp.com\/pl\/blog\/wp-content\/uploads\/2020\/09\/Czym-jest-zadaniowy-czas-pracy-i-jak-go-rozliczac_.png 759w, https:\/\/www.timecamp.com\/pl\/blog\/wp-content\/uploads\/2020\/09\/Czym-jest-zadaniowy-czas-pracy-i-jak-go-rozliczac_-300x205.png 300w, https:\/\/www.timecamp.com\/pl\/blog\/wp-content\/uploads\/2020\/09\/Czym-jest-zadaniowy-czas-pracy-i-jak-go-rozliczac_-585x400.png 585w, https:\/\/www.timecamp.com\/pl\/blog\/wp-content\/uploads\/2020\/09\/Czym-jest-zadaniowy-czas-pracy-i-jak-go-rozliczac_-360x246.png 360w\" sizes=\"auto, (max-width: 759px) 100vw, 759px\" \/><\/a><\/p>\n<h3><b>Czy mamy wp\u0142yw na to, jak b\u0119dzie wygl\u0105da\u0107 nasz czas pracy?<\/b><\/h3>\n<p><span style=\"font-weight: 400;\">Wszystko zale\u017cy od rodzaju wykonywanych obowi\u0105zk\u00f3w i trybu zatrudnienia. W sztywnym wymiarze godzin b\u0105d\u017a w przypadku zawod\u00f3w, kt\u00f3re zobowi\u0105zane s\u0105 do przestrzegania okre\u015blonych procedur, mamy na to mniejszy wp\u0142yw. Mniejsz\u0105 elastyczno\u015b\u0107 mamy r\u00f3wnie\u017c w sytuacjach, gdy jeste\u015bmy cz\u0119\u015bci\u0105 zespo\u0142u wykonuj\u0105cego etapami ten sam projekt. W takim wypadku musimy dostosowa\u0107 sw\u00f3j flow pracy do reszty.<\/span><\/p>\n<p><span style=\"font-weight: 400;\">Je\u017celi jednak pracodawca nie narzuca nam stricte okre\u015blonego porz\u0105dku pracy lub wykonujemy obowi\u0105zki w trybie zadaniowym (kt\u00f3ry nie zak\u0142ada bycia do dyspozycji zatrudniaj\u0105cego w okre\u015blonych godzinach), mo\u017cemy sami decydowa\u0107 o tym, jak b\u0119dzie wygl\u0105da\u0142 nasz dzie\u0144 pracy. W takim przypadku, maj\u0105c wi\u0119ksz\u0105 swobod\u0119, jeste\u015bmy w stanie tak zorganizowa\u0107 zadania, aby wykorzysta\u0107 nasze zasoby do maksimum.<\/span><\/p>\n<h2><b>Przydatne triki jak zorganizowa\u0107 czas pracy<\/b><\/h2>\n<p><span style=\"font-weight: 400;\">TL;DR? Sp\u00f3jrz na to kr\u00f3tkie podsumowanie tego, jak organizowa\u0107 czas pracy:<\/span><\/p>\n<ul>\n<li style=\"font-weight: 400;\"><span style=\"font-weight: 400;\">uporz\u0105dkuj zadania dzi\u0119ki technice bullet journal, narz\u0119dziom do zarz\u0105dzania zadaniami, aplikacjom to-do lub nawet zwyk\u0142ym karteczkom,<\/span><\/li>\n<li style=\"font-weight: 400;\"><span style=\"font-weight: 400;\">mierz godziny pracy z time trackerem,<\/span><\/li>\n<li style=\"font-weight: 400;\"><span style=\"font-weight: 400;\">wy\u0142\u0105cz powiadomienia i inne rozpraszacze, zaplanuj sprawdzanie maili,<\/span><\/li>\n<li style=\"font-weight: 400;\"><span style=\"font-weight: 400;\">po\u015bwi\u0119\u0107 kilkana\u015bcie minut w ci\u0105gu dnia na solidn\u0105 przerw\u0119,<\/span><\/li>\n<li style=\"font-weight: 400;\"><span style=\"font-weight: 400;\">popro\u015b o pomoc, gdy zajdzie taka potrzeba.<\/span><\/li>\n<\/ul>\n<h3><b>Uporz\u0105dkuj zadania<\/b><\/h3>\n<p><span style=\"font-weight: 400;\">Pami\u0119\u0107 ludzka jest zawodna, dlatego warto wesprze\u0107\u00a0 narz\u0119dziami usprawniaj\u0105cymi zarz\u0105dzanie zadaniami. Sporo firm decyduje si\u0119 obecnie na wdro\u017cenie tego rodzaju program\u00f3w, aby zapewni\u0107 zespo\u0142om maksymaln\u0105 transparentno\u015b\u0107 pracy i usprawni\u0107 wsp\u00f3\u0142prac\u0119. Je\u015bli jednak nie zosta\u0142o ci narzucone z g\u00f3ry, z jakiego sposobu masz korzysta\u0107, mo\u017cesz wybra\u0107 spo\u015br\u00f3d nast\u0119puj\u0105cych:<\/span><\/p>\n<h4><b>\u2705 Bullet journal<\/b><\/h4>\n<p><span style=\"font-weight: 400;\">Rozwi\u0105zanie znane i ciesz\u0105ce si\u0119 nies\u0142abn\u0105c\u0105 popularno\u015bci\u0105.\u00a0 A jest to nic innego, jak w\u0142asnor\u0119cznie zrobiony zeszyt pe\u0142ni\u0105cy rol\u0119 kalendarza, task managera i to-do listy w jednym. Lubiany zw\u0142aszcza przez tych, kt\u00f3rzy maj\u0105 w sobie co\u015b z artysty &#8211; Pinterest i Youtube pe\u0142ne s\u0105 zdj\u0119\u0107 i filmik\u00f3w instrukta\u017cowych, jak prowadzi\u0107 pi\u0119kny, kolorowy bullet journal. W swojej najprostszej postaci, forma ta zak\u0142ada spor\u0105 dowolno\u015b\u0107 w organizacji zada\u0144:<\/span><\/p>\n<ul>\n<li><span style=\"font-weight: 400;\">nie musimy korzysta\u0107 z narzuconej nam struktury realizacji zada\u0144, wi\u0119c organizujemy bullet journal zgodnie z w\u0142asnymi potrzebami,planowanie dostosowujemy do w\u0142asnego flow pracy,<\/span><\/li>\n<li><span style=\"font-weight: 400;\">samemu tworzymy schemat kalendarza &#8211; wybieramy dzie\u0144 pocz\u0105tku tygodnia, widok (jaki nam pasuje &#8211; dzienny, tygodniowy, miesi\u0119czny),<\/span><\/li>\n<li><span style=\"font-weight: 400;\">wybieramy najbardziej pasuj\u0105cy nam spos\u00f3b oznaczania wykonania zadania &#8211; listy, tabele, wpisywanie w struktur\u0119 kalendarza &#8211; wa\u017cne, by wszystko by\u0142o porz\u0105dnie roz\u0142o\u017cone w czasie,<\/span><\/li>\n<li><span style=\"font-weight: 400;\">ogranicza nas jedynie w\u0142asna wyobra\u017ania (i zdolno\u015bci artystyczne, ale od czego s\u0105 gotowe naklejki, tasiemki, kolorowe pisaki?),<\/span><\/li>\n<\/ul>\n<p><span style=\"font-weight: 400;\">Ci, kt\u00f3rzy nie czuj\u0105 si\u0119 pewnie w r\u0119cznym ozdabianiu takich zeszyt\u00f3w b\u0105d\u017a po prostu nie chc\u0105 traci\u0107 na to czasu, mog\u0105 skorzysta\u0107 z gotowych rozwi\u0105za\u0144 &#8211; rynek papierniczy jest pe\u0142ny wszelkiego rodzaju planer\u00f3w. Ostatnio tworzenie tego rodzaju kalendarzy sta\u0142o si\u0119 te\u017c niezwykle modne w \u015brodowisku internetowych tw\u00f3rc\u00f3w. Warto jednak pami\u0119ta\u0107, \u017ce w takim przypadku autor\/producent narzuca struktur\u0119 realizacji zadania, wi\u0119c warto si\u0119 wcze\u015bniej zapozna\u0107 z tym, jak wygl\u0105da \u015brodek takiego planera.<\/span><\/p>\n<p><strong>Je\u015bli zastanawiasz si\u0119, jak zacz\u0105\u0107 sw\u00f3j bullet journal, zerknij na poni\u017cszy poradnik (dost\u0119pne s\u0105 napisy w j. polskim!):<\/strong><\/p>\n<p><iframe loading=\"lazy\" title=\"How to Bullet Journal\" width=\"500\" height=\"281\" src=\"https:\/\/www.youtube.com\/embed\/fm15cmYU0IM?feature=oembed\" frameborder=\"0\" allow=\"accelerometer; autoplay; clipboard-write; encrypted-media; gyroscope; picture-in-picture; web-share\" referrerpolicy=\"strict-origin-when-cross-origin\" allowfullscreen><\/iframe><\/p>\n<h4><b>\u2705 Narz\u0119dzia do zarz\u0105dzania zadaniami online<\/b><\/h4>\n<p><span style=\"font-weight: 400;\">W dobie rozwi\u0105za\u0144 online coraz cz\u0119\u015bciej decydujemy si\u0119 na wykorzystanie w swojej pracy program\u00f3w do task managementu typu SaaS. Nasze projekty i w\u0142a\u015bciwe im zadania przechowywane s\u0105 w chmurze. Mamy do nich dost\u0119p niezale\u017cnie od czasu i miejsca, wi\u0119kszo\u015b\u0107 dostawc\u00f3w oferuje bowiem swoje produkty w wersji przegl\u0105darkowej, jak i desktop\/mobile.\u00a0<\/span><\/p>\n<p><span style=\"font-weight: 400;\">Co si\u0119 z tym wi\u0105\u017ce? Nie musimy nosi\u0107 ze sob\u0105 dodatkowych przybor\u00f3w, bowiem i tak na co dzie\u0144 korzystamy z telefonu i komputera. Wi\u0119kszo\u015b\u0107 program\u00f3w do zarz\u0105dzania zadaniami oferuje r\u00f3wnie\u017c funkcj\u0119 mierzenia czasu b\u0105d\u017a posiada integracj\u0119 z time trackerami &#8211; warto si\u0119 temu przyjrze\u0107 podejmuj\u0105c decyzj\u0119 o wyborze takiej aplikacji. Monitorowanie czasu sp\u0119dzonego nad zadaniami pozwoli nam rozezna\u0107 si\u0119 w tym jak zu\u017cywamy nasze zasoby w ci\u0105gu dnia.<\/span><\/p>\n<p><strong>W jednym z naszych poprzednich artyku\u0142\u00f3w polecali\u015bmy <a href=\"https:\/\/www.timecamp.com\/pl\/blog\/2020\/05\/programy-do-zarzadzania-zadaniami\/\">najlepsze narz\u0119dzia do zarz\u0105dzania zadaniami<\/a>.<\/strong><\/p>\n<h4><b>\u2705 Aplikacje do zarz\u0105dzania zadaniami na smartfony<\/b><\/h4>\n<p><span style=\"font-weight: 400;\">Wi\u0119kszo\u015b\u0107 smartfon\u00f3w posiada preinstalowane aplikacje s\u0142u\u017c\u0105ce do tworzenia list zada\u0144 do wykonania, np. Notatki w przypadku iPhone&#8217;a. Je\u017celi jednak zale\u017cy nam na narz\u0119dziu o rozszerzonej funkcjonalno\u015bci, warto jednak poszuka\u0107 czego\u015b bardziej zaawansowanego, oferuj\u0105cego zadania cykliczne, przypomnienia, priorytetyzacj\u0119 oraz rozbudowany system sekcji i podzada\u0144. Dzi\u0119ki temu otrzymamy przejrzyst\u0105 struktur\u0119 naszej to-do listy i nie zgubimy si\u0119 w g\u0105szczu codziennych obowi\u0105zk\u00f3w. Co najwa\u017cniejsze, \u0142atwiej nam b\u0119dzie roz\u0142o\u017cy\u0107 wszystkie zadania w czasie!<\/span><\/p>\n<h4><b>\u2705 Karteczki<\/b><\/h4>\n<p><span style=\"font-weight: 400;\">Istnieje spora grupa os\u00f3b, kt\u00f3ra w organizowaniu czasu pracy preferuje po prostu tw\u00f3rczy chaos. W ich przypadku najlepiej sprawdz\u0105 si\u0119 tradycyjne sticky notes. Mo\u017cemy jednak je nieco spersonalizowa\u0107 &#8211; na rynku znajdziemy wiele wzor\u00f3w i kolor\u00f3w karteczek, tote\u017c mo\u017cemy przyporz\u0105dkowa\u0107 je do r\u00f3\u017cnych projekt\u00f3w i zada\u0144. Co wa\u017cne, pami\u0119tajmy, aby regularnie sprawdza\u0107, czy zapisane na karteczkach zadania zosta\u0142y ju\u017c wykonane. Robi\u0105c porz\u0105dki, wyrzucajmy na bie\u017c\u0105co te nieaktualne lub dotycz\u0105ce uko\u0144czonych task\u00f3w, aby mie\u0107 pewno\u015b\u0107, \u017ce chaos chaosem, ale jednak nad nim panujemy :).<\/span><\/p>\n<h3><b>Mierz czas wykonywania zada\u0144<\/b><\/h3>\n<p><span style=\"font-weight: 400;\">Nie\u0142atwo jest <strong>prawid\u0142owo zorganizowa\u0107 dzie\u0144 roboczy<\/strong> nie wiedz\u0105c, ile zazwyczaj zajmuje nam wykonanie r\u00f3\u017cnego rodzaju zada\u0144. Oczywi\u015bcie, nabieraj\u0105c do\u015bwiadczenia, jeste\u015bmy w stanie stwierdzi\u0107, \u017ce dana czynno\u015b\u0107 zajmie nam nie wi\u0119cej ni\u017c pi\u0119tna\u015bcie minut, a do realizacji innej potrzebujemy kilku godzin, by\u0107 mo\u017ce nawet ca\u0142ego dnia. Od kiedy jednak rynek podbi\u0142y <a href=\"https:\/\/www.timecamp.com\/pl\/blog\/2020\/10\/ocena-rentownosci-klientow\/\"><strong>narz\u0119dzia do trackowania czasu<\/strong><\/a>, nie musimy niczego szacowa\u0107 w g\u0142owie i polega\u0107 na w\u0142asnej (cz\u0119sto zawodnej) pami\u0119ci. Programy takie monitoruj\u0105 godziny przeznaczone na prac\u0119 w ci\u0105gu dnia, dostarczaj\u0105c nam wiarygodne dane dotycz\u0105ce naszej produktywno\u015bci.<\/span><\/p>\n<p><span style=\"font-weight: 400;\">Na podstawie generowanych raport\u00f3w, tak jak w przypadku <strong><a href=\"https:\/\/www.timecamp.com\">Timecampa<\/a><\/strong>, jeste\u015bmy w stanie okre\u015bli\u0107, ile czasu zazwyczaj potrzeba do wykonania danego zadania. Dzi\u0119ki temu, mo\u017cemy tak pouk\u0142ada\u0107 swoje obowi\u0105zki w ci\u0105gu dnia, tygodnia, a nawet miesi\u0105ca, by mie\u0107 pewno\u015b\u0107, \u017ce do maksimum wykorzystuje czas przeznaczony na prac\u0119. Ponadto, rezultat ten mo\u017cemy por\u00f3wna\u0107 z wynikami innych cz\u0142onk\u00f3w zespo\u0142u, by jeszcze lepiej dopasowa\u0107 si\u0119 do ich flow pracy. Wa\u017cne jest to zw\u0142aszcza w przypadku, gdy pracujemy nad wsp\u00f3\u0142dzielonymi projektami, kt\u00f3re wymagaj\u0105 roz\u0142o\u017cenia zasob\u00f3w czasu potrzebnych do realizacji zadania.<\/span><\/p>\n<p><a href=\"https:\/\/www.timecamp.com\/pl\/blog\/wp-content\/uploads\/2025\/07\/02-blog-2-1.png\"><img loading=\"lazy\" decoding=\"async\" class=\"alignnone wp-image-8670 size-full\" src=\"https:\/\/www.timecamp.com\/pl\/blog\/wp-content\/uploads\/2025\/07\/02-blog-2-1.png\" alt=\"\" width=\"759\" height=\"580\" srcset=\"https:\/\/www.timecamp.com\/pl\/blog\/wp-content\/uploads\/2025\/07\/02-blog-2-1.png 759w, https:\/\/www.timecamp.com\/pl\/blog\/wp-content\/uploads\/2025\/07\/02-blog-2-1-300x229.png 300w, https:\/\/www.timecamp.com\/pl\/blog\/wp-content\/uploads\/2025\/07\/02-blog-2-1-523x400.png 523w, https:\/\/www.timecamp.com\/pl\/blog\/wp-content\/uploads\/2025\/07\/02-blog-2-1-322x246.png 322w, https:\/\/www.timecamp.com\/pl\/blog\/wp-content\/uploads\/2025\/07\/02-blog-2-1-732x559.png 732w\" sizes=\"auto, (max-width: 759px) 100vw, 759px\" \/><\/a><\/p>\n<h3><b>Wy\u0142\u0105cz niepotrzebne powiadomienia<\/b><\/h3>\n<p><span style=\"font-weight: 400;\">Nie tylko media spo\u0142eczno\u015bciowe, ale r\u00f3wnie\u017c narz\u0119dzia wykorzystywane w ci\u0105gu dnia pracy wysy\u0142aj\u0105 nam mn\u00f3stwo powiadomie\u0144. Przypomnijcie sobie, ile razy w ci\u0105gu dnia oderwali\u015bcie si\u0119 od robienia czego\u015b naprawd\u0119 wa\u017cnego tylko po to aby sprawdzi\u0107, co napisa\u0142 wsp\u00f3\u0142pracownik na firmowym czacie lub w wiadomo\u015bci prywatnej? Cz\u0119sto w takich sytuacjach <strong>zapominamy o tym, co robili\u015bmy wcze\u015bniej<\/strong> i tracimy czas na bezsensowne szukanie punktu zaczepienia. Nie na tym powinna polega\u0107 nasza praca&#8230;<\/span><\/p>\n<p><span style=\"font-weight: 400;\">Dlatego pami\u0119tajmy o tym, \u017ce je\u015bli b\u0119dzie mia\u0142 do nas niecierpi\u0105c\u0105 zw\u0142oki spraw\u0119, <strong>po prostu do nas zadzwoni<\/strong> zamiast odbija\u0107 si\u0119 od \u015bciany wysy\u0142aj\u0105c multum wiadomo\u015bci. D\u017awi\u0119ki powiadomie\u0144 czy wyskakuj\u0105ce okienka s\u0105 niesamowicie rozpraszaj\u0105ce! Ponadto powoduj\u0105 oderwanie naszej uwagi od spraw, kt\u00f3re w danym momencie s\u0105 znacznie wa\u017cniejsze. To samo tyczy si\u0119 ci\u0105g\u0142ego sprawdzania skrzynki. Warto w codziennym planie <strong>uwzgl\u0119dni\u0107 sobie jeden-dwa momenty po kilkana\u015bcie minut w ci\u0105gu dnia na odpisywanie na maile<\/strong> zamiast zagl\u0105da\u0107 na poczt\u0119 co godzin\u0119.<\/span><\/p>\n<h3><b>Nie zapominaj o przerwach!<\/b><\/h3>\n<p><span style=\"font-weight: 400;\">Na d\u0142u\u017csz\u0105 met\u0119 nie da si\u0119 pracowa\u0107 ci\u0105giem przez kilka godzin. Wiadomo, s\u0105 zawody, kt\u00f3re tego wymagaj\u0105 &#8211; lekarze przecie\u017c nie zastanawiaj\u0105 si\u0119, w trakcie ratowania ludzkiego \u017cycia, kt\u00f3r\u0105 z kolei godzin\u0119 s\u0105 ju\u017c na nogach. Jednak w przypadku wi\u0119kszo\u015bci profesji spokojnie mo\u017cemy sobie na tak\u0105 przerw\u0119 pozwoli\u0107, zw\u0142aszcza, \u017ce s\u0105 one regulowane <\/span><strong>Kodeksem Pracy<\/strong><span style=\"font-weight: 400;\">.<\/span><\/p>\n<p><span style=\"font-weight: 400;\">Zastanawiacie si\u0119 pewnie czasem &#8222;po co mi przerwy? Szybciej co\u015b zrobi\u0119, szybciej sko\u0144cz\u0119&#8221;. Ot\u00f3\u017c, my\u015blenie takie jest dosy\u0107 z\u0142udne, gdy\u017c <strong>wykorzystuj\u0105c maksimum swoich zasob\u00f3w przez d\u0142u\u017cszy okres, skraca si\u0119 czas, kt\u00f3ry mo\u017cemy u\u017cy\u0107 do ich regeneracji<\/strong>. Nie m\u00f3wi\u0105c ju\u017c o tym, \u017ce siedz\u0105c non-stop przez komputerem cierpi\u0105 na tym nasze oczy oraz kr\u0119gos\u0142up. Je\u015bli nasza praca nie b\u0119dzie zak\u0142ada\u0142a przerw, w trakcie kt\u00f3rych na spokojnie zjemy, zamkniemy powieki lub p\u00f3jdziemy si\u0119 przewietrzy\u0107, szybko odczujemy zm\u0119czenie. I nic, tylko patrze\u0107, jak odbije si\u0119 to na rezultatach wykonywanych przez nas obowi\u0105zk\u00f3w&#8230;<\/span><\/p>\n<p>&nbsp;<\/p>\n<h3><b>Nie b\u00f3j si\u0119 prosi\u0107 o pomoc<\/b><\/h3>\n<p><span style=\"font-weight: 400;\">Pracuj\u0105c w zespole musimy mie\u0107 na uwadze to, \u017ce czasami b\u0119dziemy musieli dostosowa\u0107 sw\u00f3j grafik pracy do wsp\u00f3\u0142pracownik\u00f3w. To samo dzia\u0142a jednak w drug\u0105 stron\u0119 &#8211; bycie cz\u0119\u015bci\u0105 teamu oznacza, \u017ce nie jeste\u015bmy sami! Co to dla nas oznacza?<\/span><\/p>\n<ul>\n<li style=\"font-weight: 400;\"><span style=\"font-weight: 400;\">kiedy przez nadmiar obowi\u0105zk\u00f3w nie wyrabiamy si\u0119 z tym, by wykona\u0107 czynno\u015bci w terminie, mo\u017cemy poprosi\u0107 o pomoc tych, kt\u00f3rzy maj\u0105 &#8222;wolny przebieg&#8221;,<\/span><\/li>\n<li style=\"font-weight: 400;\"><span style=\"font-weight: 400;\">pewne rzeczy mog\u0105 by\u0107 wykonane wsp\u00f3lnie, co wp\u0142ynie na ilo\u015b\u0107 czasu i stopie\u0144 wysi\u0142ku w\u0142o\u017conego w te rzeczy,<\/span><\/li>\n<li style=\"font-weight: 400;\"><span style=\"font-weight: 400;\">mo\u017cemy zapyta\u0107 osoby bardziej do\u015bwiadczone o rad\u0119, gdy zadanie nas przerasta (\u015bl\u0119czenie nad czym\u015b, czego nie rozumiemy, to ogromna strata czasu!).<\/span><\/li>\n<\/ul>\n<p><span style=\"font-weight: 400;\">Aby jednak wsp\u00f3\u0142praca taka mia\u0142a sens, musimy zadba\u0107 o dobre stosunki mi\u0119dzy cz\u0142onkami zespo\u0142u. Nikt bowiem nie b\u0119dzie wykazywa\u0142 najmniejszej ochoty, by pom\u00f3c komu\u015b, kogo nie lubi. Nie traktujmy wsp\u00f3\u0142pracownika jako kogo\u015b, kim mo\u017cna si\u0119 wyr\u0119czy\u0107, gdy praca wydaje si\u0119 \u017cmudna lub czasoch\u0142onna. Pami\u0119tajmy r\u00f3wnie\u017c, by podzi\u0119kowa\u0107 (dobre i szczere s\u0142owo jest cenionym towarem) i zaproponowa\u0107 pomoc tej osobie w przysz\u0142o\u015bci.<\/span><\/p>\n<p><span style=\"font-weight: 400;\">Mam nadziej\u0119, \u017ce te kilka porad pomo\u017ce wam sprawniej organizowa\u0107 czas w pracy!<\/span><\/p>\n<p class=\"p1\"><section id=\"contact_banner\">\n<div class=\"header\">\n    <span>Mierz rentowno\u015b\u0107 jak najlepsi<\/span><\/p>\n<p>Um\u00f3w prezentacj\u0119, i sprawd\u017c, jak dzia\u0142a TimeCamp skonfigurowany pod struktur\u0119 Twojej firmy, obieg danych oraz system raportowania.<\/p>\n<\/p><\/div>\n<div class=\"content\">\n<div class=\"image\">\n      <img decoding=\"async\" src=\"https:\/\/www.timecamp.com\/blog\/wp-content\/uploads\/2026\/02\/contact-banner-image.png\" alt=\"banner\">\n    <\/div>\n<div class=\"text\">\n      <span>Dlaczego warto si\u0119 z nami spotka\u0107?<\/span><\/p>\n<ul>\n<li>\n          <img decoding=\"async\" src=\"https:\/\/www.timecamp.com\/blog\/wp-content\/uploads\/2026\/02\/checkmark-blue.svg\" alt=\"icon\"><\/p>\n<p>Nasz konsultant oprowadzi ci\u0119 po produkcie i dostosuje ofert\u0119<\/p>\n<\/li>\n<li>\n          <img decoding=\"async\" src=\"https:\/\/www.timecamp.com\/blog\/wp-content\/uploads\/2026\/02\/checkmark-blue.svg\" alt=\"icon\"><\/p>\n<p>Odpowiemy na wszystkie Twoje pytania na \u017cywo<\/p>\n<\/li>\n<li>\n          <img decoding=\"async\" src=\"https:\/\/www.timecamp.com\/blog\/wp-content\/uploads\/2026\/02\/checkmark-blue.svg\" alt=\"icon\"><\/p>\n<p>Dowiesz si\u0119 jak po\u0142\u0105czy\u0107 TimeCamp z narz\u0119dziami, kt\u00f3rych u\u017cywacie<\/p>\n<\/li>\n<\/ul><\/div>\n<\/p><\/div>\n<div class=\"buttons\">\n              <a\n            class=\"btn btn-filled orange\"\n            rel=\"nofollow\"\n            href=\"\"\n            onclick=\"\n              Calendly.initPopupWidget({\n                url: 'https:\/\/calendly.com\/timecamp-nkaleta\/20min?utm_source=web&#038;utm_medium=cta&#038;utm_campaign=widget&#038;utm_content=wdg_demo',\n              });\n              return false;\n            \"\n            >Um\u00f3w demo<\/a\n          >\n  <\/div>\n<div class=\"teams\">\n<div class=\"text-with-line\">\n<div class=\"line\"><\/div>\n<p class=\"text\">Do\u0142\u0105cz do 18,000+ zadowolonych zespo\u0142\u00f3w<\/p>\n<div class=\"line\"><\/div>\n<\/p><\/div>\n<div class=\"icons\">\n      <img decoding=\"async\" src=\"https:\/\/cdn-y.timecamp.com\/img\/components\/banner-contact-us\/icons\/pwc.svg\" alt=\"icon\"><img decoding=\"async\" src=\"https:\/\/cdn-y.timecamp.com\/img\/components\/banner-contact-us\/icons\/similarweb.svg\" alt=\"icon\"><img decoding=\"async\" src=\"https:\/\/cdn-y.timecamp.com\/img\/components\/banner-contact-us\/icons\/accenture.svg\" alt=\"icon\"><img decoding=\"async\" src=\"https:\/\/cdn-y.timecamp.com\/img\/components\/banner-contact-us\/icons\/roche.svg\" alt=\"icon\"><img decoding=\"async\" src=\"https:\/\/cdn-y.timecamp.com\/img\/components\/banner-contact-us\/icons\/havas.svg\" alt=\"icon\"><img decoding=\"async\" src=\"https:\/\/cdn-y.timecamp.com\/img\/components\/banner-contact-us\/icons\/dekra.svg\" alt=\"icon\">\n    <\/div>\n<\/p><\/div>\n<div class=\"image-mobile\">\n      <img decoding=\"async\" src=\"https:\/\/www.timecamp.com\/blog\/wp-content\/uploads\/2026\/02\/contact-banner-image.png\" alt=\"banner\">\n    <\/div>\n<div class=\"testimonial\">\n    <img decoding=\"async\" src=\"https:\/\/www.timecamp.com\/blog\/wp-content\/uploads\/2026\/02\/companies.svg\" alt=\"icon\"><img decoding=\"async\" src=\"https:\/\/www.timecamp.com\/pl\/blog\/wp-content\/uploads\/2026\/02\/reviews.png\" style=\"max-width: 250px !important;\" alt=\"icon\">\n  <\/div>\n<\/section>\n<link href=\"https:\/\/assets.calendly.com\/assets\/external\/widget.css\" rel=\"stylesheet\">\n<script src=\"https:\/\/assets.calendly.com\/assets\/external\/widget.js\" type=\"text\/javascript\" async><\/script><\/p>\n<\/p>\n","protected":false},"excerpt":{"rendered":"<p>Jak wygl\u0105da Tw\u00f3j styl pracy? Jest uporz\u0105dkowany, chaotyczny, czy raczej stanowi dzie\u0142o przypadku? Niezale\u017cnie jednak od tego, czym si\u0119 wyr\u00f3\u017cnia, mo\u017cecie by\u0107 pewni &#8211; nikt nie pracuje dok\u0142adnie tak samo, jak Wy! Ile ludzi, tyle charakter\u00f3w, co bezpo\u015brednio przek\u0142ada si\u0119 na podej\u015bcie do sposobu, w jaki wykonujemy nasze obowi\u0105zki. O ile nie ograniczaj\u0105 nas wymogi [&hellip;]<\/p>\n","protected":false},"author":3,"featured_media":8801,"comment_status":"closed","ping_status":"open","sticky":false,"template":"","format":"standard","meta":{"_acf_changed":false,"_glsr_average":5,"_glsr_ranking":3.6363636363636,"_glsr_reviews":1,"footnotes":""},"categories":[49,15],"tags":[],"class_list":["post-5800","post","type-post","status-publish","format-standard","has-post-thumbnail","hentry","category-praca","category-zarzadzanie-czasem"],"acf":[],"yoast_head":"<!-- This site is optimized with the Yoast SEO plugin v25.4 - https:\/\/yoast.com\/wordpress\/plugins\/seo\/ -->\n<title>Jak organizowa\u0107 czas pracy - proste, ale niezawodne triki na 2026 - TimeCamp Blog \u2013 Zarz\u0105dzanie czasem<\/title>\n<meta name=\"description\" content=\"Wykonuj\u0105c swoje obowi\u0105zki cz\u0119sto zapominamy o w\u0142a\u015bciwym planowaniu. Podpowiemy Wam wi\u0119c jak organizowa\u0107 czas pracy!\" \/>\n<meta name=\"robots\" content=\"index, follow, max-snippet:-1, max-image-preview:large, max-video-preview:-1\" \/>\n<link rel=\"canonical\" href=\"https:\/\/www.timecamp.com\/pl\/blog\/jak-organizowac-czas-pracy\/\" \/>\n<meta property=\"og:locale\" content=\"pl_PL\" \/>\n<meta property=\"og:type\" content=\"article\" \/>\n<meta property=\"og:title\" content=\"Jak organizowa\u0107 czas pracy - proste, ale niezawodne triki na 2026 - TimeCamp Blog \u2013 Zarz\u0105dzanie czasem\" \/>\n<meta property=\"og:description\" content=\"Wykonuj\u0105c swoje obowi\u0105zki cz\u0119sto zapominamy o w\u0142a\u015bciwym planowaniu. Podpowiemy Wam wi\u0119c jak organizowa\u0107 czas pracy!\" \/>\n<meta property=\"og:url\" content=\"https:\/\/www.timecamp.com\/pl\/blog\/jak-organizowac-czas-pracy\/\" \/>\n<meta property=\"og:site_name\" content=\"TimeCamp Blog \u2013 Zarz\u0105dzanie czasem\" \/>\n<meta property=\"article:published_time\" content=\"2020-09-30T15:53:16+00:00\" \/>\n<meta property=\"article:modified_time\" content=\"2026-02-10T10:28:01+00:00\" \/>\n<meta property=\"og:image\" content=\"https:\/\/www.timecamp.com\/pl\/blog\/wp-content\/uploads\/2020\/09\/Jak-organizowac-czas-pracy-\u2013-proste-ale-niezawodne-triki-1.jpg\" \/>\n\t<meta property=\"og:image:width\" content=\"1260\" \/>\n\t<meta property=\"og:image:height\" content=\"860\" \/>\n\t<meta property=\"og:image:type\" content=\"image\/jpeg\" \/>\n<meta name=\"author\" content=\"Ola Rybacka\" \/>\n<meta name=\"twitter:label1\" content=\"Napisane przez\" \/>\n\t<meta name=\"twitter:data1\" content=\"Ola Rybacka\" \/>\n\t<meta name=\"twitter:label2\" content=\"Szacowany czas czytania\" \/>\n\t<meta name=\"twitter:data2\" content=\"11 minut\" \/>\n<script type=\"application\/ld+json\" class=\"yoast-schema-graph\">{\"@context\":\"https:\/\/schema.org\",\"@graph\":[{\"@type\":\"WebPage\",\"@id\":\"https:\/\/www.timecamp.com\/pl\/blog\/jak-organizowac-czas-pracy\/\",\"url\":\"https:\/\/www.timecamp.com\/pl\/blog\/jak-organizowac-czas-pracy\/\",\"name\":\"Jak organizowa\u0107 czas pracy - proste, ale niezawodne triki na 2026 - TimeCamp Blog \u2013 Zarz\u0105dzanie czasem\",\"isPartOf\":{\"@id\":\"https:\/\/www.timecamp.com\/pl\/blog\/#website\"},\"primaryImageOfPage\":{\"@id\":\"https:\/\/www.timecamp.com\/pl\/blog\/jak-organizowac-czas-pracy\/#primaryimage\"},\"image\":{\"@id\":\"https:\/\/www.timecamp.com\/pl\/blog\/jak-organizowac-czas-pracy\/#primaryimage\"},\"thumbnailUrl\":\"https:\/\/www.timecamp.com\/pl\/blog\/wp-content\/uploads\/2020\/09\/Jak-organizowac-czas-pracy-\u2013-proste-ale-niezawodne-triki-1.jpg\",\"datePublished\":\"2020-09-30T15:53:16+00:00\",\"dateModified\":\"2026-02-10T10:28:01+00:00\",\"author\":{\"@id\":\"https:\/\/www.timecamp.com\/pl\/blog\/#\/schema\/person\/885116ec83194d0a30ca75926bed0f82\"},\"description\":\"Wykonuj\u0105c swoje obowi\u0105zki cz\u0119sto zapominamy o w\u0142a\u015bciwym planowaniu. Podpowiemy Wam wi\u0119c jak organizowa\u0107 czas pracy!\",\"breadcrumb\":{\"@id\":\"https:\/\/www.timecamp.com\/pl\/blog\/jak-organizowac-czas-pracy\/#breadcrumb\"},\"inLanguage\":\"pl-PL\",\"potentialAction\":[{\"@type\":\"ReadAction\",\"target\":[\"https:\/\/www.timecamp.com\/pl\/blog\/jak-organizowac-czas-pracy\/\"]}]},{\"@type\":\"ImageObject\",\"inLanguage\":\"pl-PL\",\"@id\":\"https:\/\/www.timecamp.com\/pl\/blog\/jak-organizowac-czas-pracy\/#primaryimage\",\"url\":\"https:\/\/www.timecamp.com\/pl\/blog\/wp-content\/uploads\/2020\/09\/Jak-organizowac-czas-pracy-\u2013-proste-ale-niezawodne-triki-1.jpg\",\"contentUrl\":\"https:\/\/www.timecamp.com\/pl\/blog\/wp-content\/uploads\/2020\/09\/Jak-organizowac-czas-pracy-\u2013-proste-ale-niezawodne-triki-1.jpg\",\"width\":1260,\"height\":860},{\"@type\":\"BreadcrumbList\",\"@id\":\"https:\/\/www.timecamp.com\/pl\/blog\/jak-organizowac-czas-pracy\/#breadcrumb\",\"itemListElement\":[{\"@type\":\"ListItem\",\"position\":1,\"name\":\"Home\",\"item\":\"https:\/\/www.timecamp.com\/pl\/blog\/\"},{\"@type\":\"ListItem\",\"position\":2,\"name\":\"Jak organizowa\u0107 czas pracy &#8211; proste, ale niezawodne triki na 2026\"}]},{\"@type\":\"WebSite\",\"@id\":\"https:\/\/www.timecamp.com\/pl\/blog\/#website\",\"url\":\"https:\/\/www.timecamp.com\/pl\/blog\/\",\"name\":\"TimeCamp Blog \u2013 Zarz\u0105dzanie czasem\",\"description\":\"TimeCamp\",\"potentialAction\":[{\"@type\":\"SearchAction\",\"target\":{\"@type\":\"EntryPoint\",\"urlTemplate\":\"https:\/\/www.timecamp.com\/pl\/blog\/?s={search_term_string}\"},\"query-input\":{\"@type\":\"PropertyValueSpecification\",\"valueRequired\":true,\"valueName\":\"search_term_string\"}}],\"inLanguage\":\"pl-PL\"},{\"@type\":\"Person\",\"@id\":\"https:\/\/www.timecamp.com\/pl\/blog\/#\/schema\/person\/885116ec83194d0a30ca75926bed0f82\",\"name\":\"Ola Rybacka\",\"image\":{\"@type\":\"ImageObject\",\"inLanguage\":\"pl-PL\",\"@id\":\"https:\/\/www.timecamp.com\/pl\/blog\/#\/schema\/person\/image\/\",\"url\":\"https:\/\/secure.gravatar.com\/avatar\/a55bc496bb3430306d4e86473315e6b277b8d71806c72ec1442d64040b15a8a0?s=96&d=mm&r=g\",\"contentUrl\":\"https:\/\/secure.gravatar.com\/avatar\/a55bc496bb3430306d4e86473315e6b277b8d71806c72ec1442d64040b15a8a0?s=96&d=mm&r=g\",\"caption\":\"Ola Rybacka\"},\"description\":\"Product Marketer i Content Specialist w TimeCamp. Pracuje zdalnie od ponad dziesi\u0119ciu lat i wie, jak nie zwariowa\u0107, gdy dom jest jednocze\u015bnie miejscem pracy i odpoczynku. Zna TimeCamp od podszewki, co wida\u0107 w artyku\u0142ach i filmach, gdzie przek\u0142ada techniczny \u017cargon na co\u015b bardziej reader-friendly. A po pracy? Manga, anime i kucie do egzaminu JLPT.\",\"url\":\"https:\/\/www.timecamp.com\/pl\/blog\/author\/o-rybacka\/\"}]}<\/script>\n<!-- \/ Yoast SEO plugin. -->","yoast_head_json":{"title":"Jak organizowa\u0107 czas pracy - proste, ale niezawodne triki na 2026 - TimeCamp Blog \u2013 Zarz\u0105dzanie czasem","description":"Wykonuj\u0105c swoje obowi\u0105zki cz\u0119sto zapominamy o w\u0142a\u015bciwym planowaniu. Podpowiemy Wam wi\u0119c jak organizowa\u0107 czas pracy!","robots":{"index":"index","follow":"follow","max-snippet":"max-snippet:-1","max-image-preview":"max-image-preview:large","max-video-preview":"max-video-preview:-1"},"canonical":"https:\/\/www.timecamp.com\/pl\/blog\/jak-organizowac-czas-pracy\/","og_locale":"pl_PL","og_type":"article","og_title":"Jak organizowa\u0107 czas pracy - proste, ale niezawodne triki na 2026 - TimeCamp Blog \u2013 Zarz\u0105dzanie czasem","og_description":"Wykonuj\u0105c swoje obowi\u0105zki cz\u0119sto zapominamy o w\u0142a\u015bciwym planowaniu. Podpowiemy Wam wi\u0119c jak organizowa\u0107 czas pracy!","og_url":"https:\/\/www.timecamp.com\/pl\/blog\/jak-organizowac-czas-pracy\/","og_site_name":"TimeCamp Blog \u2013 Zarz\u0105dzanie czasem","article_published_time":"2020-09-30T15:53:16+00:00","article_modified_time":"2026-02-10T10:28:01+00:00","og_image":[{"width":1260,"height":860,"url":"https:\/\/www.timecamp.com\/pl\/blog\/wp-content\/uploads\/2020\/09\/Jak-organizowac-czas-pracy-\u2013-proste-ale-niezawodne-triki-1.jpg","type":"image\/jpeg"}],"author":"Ola Rybacka","twitter_misc":{"Napisane przez":"Ola Rybacka","Szacowany czas czytania":"11 minut"},"schema":{"@context":"https:\/\/schema.org","@graph":[{"@type":"WebPage","@id":"https:\/\/www.timecamp.com\/pl\/blog\/jak-organizowac-czas-pracy\/","url":"https:\/\/www.timecamp.com\/pl\/blog\/jak-organizowac-czas-pracy\/","name":"Jak organizowa\u0107 czas pracy - proste, ale niezawodne triki na 2026 - TimeCamp Blog \u2013 Zarz\u0105dzanie czasem","isPartOf":{"@id":"https:\/\/www.timecamp.com\/pl\/blog\/#website"},"primaryImageOfPage":{"@id":"https:\/\/www.timecamp.com\/pl\/blog\/jak-organizowac-czas-pracy\/#primaryimage"},"image":{"@id":"https:\/\/www.timecamp.com\/pl\/blog\/jak-organizowac-czas-pracy\/#primaryimage"},"thumbnailUrl":"https:\/\/www.timecamp.com\/pl\/blog\/wp-content\/uploads\/2020\/09\/Jak-organizowac-czas-pracy-\u2013-proste-ale-niezawodne-triki-1.jpg","datePublished":"2020-09-30T15:53:16+00:00","dateModified":"2026-02-10T10:28:01+00:00","author":{"@id":"https:\/\/www.timecamp.com\/pl\/blog\/#\/schema\/person\/885116ec83194d0a30ca75926bed0f82"},"description":"Wykonuj\u0105c swoje obowi\u0105zki cz\u0119sto zapominamy o w\u0142a\u015bciwym planowaniu. Podpowiemy Wam wi\u0119c jak organizowa\u0107 czas pracy!","breadcrumb":{"@id":"https:\/\/www.timecamp.com\/pl\/blog\/jak-organizowac-czas-pracy\/#breadcrumb"},"inLanguage":"pl-PL","potentialAction":[{"@type":"ReadAction","target":["https:\/\/www.timecamp.com\/pl\/blog\/jak-organizowac-czas-pracy\/"]}]},{"@type":"ImageObject","inLanguage":"pl-PL","@id":"https:\/\/www.timecamp.com\/pl\/blog\/jak-organizowac-czas-pracy\/#primaryimage","url":"https:\/\/www.timecamp.com\/pl\/blog\/wp-content\/uploads\/2020\/09\/Jak-organizowac-czas-pracy-\u2013-proste-ale-niezawodne-triki-1.jpg","contentUrl":"https:\/\/www.timecamp.com\/pl\/blog\/wp-content\/uploads\/2020\/09\/Jak-organizowac-czas-pracy-\u2013-proste-ale-niezawodne-triki-1.jpg","width":1260,"height":860},{"@type":"BreadcrumbList","@id":"https:\/\/www.timecamp.com\/pl\/blog\/jak-organizowac-czas-pracy\/#breadcrumb","itemListElement":[{"@type":"ListItem","position":1,"name":"Home","item":"https:\/\/www.timecamp.com\/pl\/blog\/"},{"@type":"ListItem","position":2,"name":"Jak organizowa\u0107 czas pracy &#8211; proste, ale niezawodne triki na 2026"}]},{"@type":"WebSite","@id":"https:\/\/www.timecamp.com\/pl\/blog\/#website","url":"https:\/\/www.timecamp.com\/pl\/blog\/","name":"TimeCamp Blog \u2013 Zarz\u0105dzanie czasem","description":"TimeCamp","potentialAction":[{"@type":"SearchAction","target":{"@type":"EntryPoint","urlTemplate":"https:\/\/www.timecamp.com\/pl\/blog\/?s={search_term_string}"},"query-input":{"@type":"PropertyValueSpecification","valueRequired":true,"valueName":"search_term_string"}}],"inLanguage":"pl-PL"},{"@type":"Person","@id":"https:\/\/www.timecamp.com\/pl\/blog\/#\/schema\/person\/885116ec83194d0a30ca75926bed0f82","name":"Ola Rybacka","image":{"@type":"ImageObject","inLanguage":"pl-PL","@id":"https:\/\/www.timecamp.com\/pl\/blog\/#\/schema\/person\/image\/","url":"https:\/\/secure.gravatar.com\/avatar\/a55bc496bb3430306d4e86473315e6b277b8d71806c72ec1442d64040b15a8a0?s=96&d=mm&r=g","contentUrl":"https:\/\/secure.gravatar.com\/avatar\/a55bc496bb3430306d4e86473315e6b277b8d71806c72ec1442d64040b15a8a0?s=96&d=mm&r=g","caption":"Ola Rybacka"},"description":"Product Marketer i Content Specialist w TimeCamp. Pracuje zdalnie od ponad dziesi\u0119ciu lat i wie, jak nie zwariowa\u0107, gdy dom jest jednocze\u015bnie miejscem pracy i odpoczynku. Zna TimeCamp od podszewki, co wida\u0107 w artyku\u0142ach i filmach, gdzie przek\u0142ada techniczny \u017cargon na co\u015b bardziej reader-friendly. A po pracy? Manga, anime i kucie do egzaminu JLPT.","url":"https:\/\/www.timecamp.com\/pl\/blog\/author\/o-rybacka\/"}]}},"_links":{"self":[{"href":"https:\/\/www.timecamp.com\/pl\/blog\/wp-json\/wp\/v2\/posts\/5800","targetHints":{"allow":["GET"]}}],"collection":[{"href":"https:\/\/www.timecamp.com\/pl\/blog\/wp-json\/wp\/v2\/posts"}],"about":[{"href":"https:\/\/www.timecamp.com\/pl\/blog\/wp-json\/wp\/v2\/types\/post"}],"author":[{"embeddable":true,"href":"https:\/\/www.timecamp.com\/pl\/blog\/wp-json\/wp\/v2\/users\/3"}],"replies":[{"embeddable":true,"href":"https:\/\/www.timecamp.com\/pl\/blog\/wp-json\/wp\/v2\/comments?post=5800"}],"version-history":[{"count":12,"href":"https:\/\/www.timecamp.com\/pl\/blog\/wp-json\/wp\/v2\/posts\/5800\/revisions"}],"predecessor-version":[{"id":8798,"href":"https:\/\/www.timecamp.com\/pl\/blog\/wp-json\/wp\/v2\/posts\/5800\/revisions\/8798"}],"wp:featuredmedia":[{"embeddable":true,"href":"https:\/\/www.timecamp.com\/pl\/blog\/wp-json\/wp\/v2\/media\/8801"}],"wp:attachment":[{"href":"https:\/\/www.timecamp.com\/pl\/blog\/wp-json\/wp\/v2\/media?parent=5800"}],"wp:term":[{"taxonomy":"category","embeddable":true,"href":"https:\/\/www.timecamp.com\/pl\/blog\/wp-json\/wp\/v2\/categories?post=5800"},{"taxonomy":"post_tag","embeddable":true,"href":"https:\/\/www.timecamp.com\/pl\/blog\/wp-json\/wp\/v2\/tags?post=5800"}],"curies":[{"name":"wp","href":"https:\/\/api.w.org\/{rel}","templated":true}]}}