{"id":7365,"date":"2025-01-28T17:02:50","date_gmt":"2025-01-28T17:02:50","guid":{"rendered":"https:\/\/www.timecamp.com\/pl\/blog\/?p=7365"},"modified":"2026-02-09T15:55:21","modified_gmt":"2026-02-09T15:55:21","slug":"elastyczne-godziny-pracy-czy-warto-wprowadzic-je-w-firmie","status":"publish","type":"post","link":"https:\/\/www.timecamp.com\/pl\/blog\/elastyczne-godziny-pracy-czy-warto-wprowadzic-je-w-firmie\/","title":{"rendered":"Elastyczne godziny pracy: czy warto wprowadzi\u0107 je w firmie?"},"content":{"rendered":"<p data-pm-slice=\"1 1 []\"><a href=\"https:\/\/www.timecamp.com\/pl\/glossary\/elastyczne-godziny-pracy\/\" target=\"_blank\" rel=\"noopener noreferrer\">Elastyczne godziny pracy<\/a> nie s\u0105, jak by si\u0119 mog\u0142o wydawa\u0107, wymys\u0142em Zetek. Poszukuj\u0105c r\u00f3wnowagi mi\u0119dzy \u017cyciem zawodowym a prywatnym, coraz wi\u0119cej os\u00f3b reprezentuj\u0105cych starsze pokolenia rozwa\u017ca zastosowanie elastycznej organizacji pracy, je\u015bli tylko pracodawca zaoferuje im tak\u0105 mo\u017cliwo\u015b\u0107.<\/p>\n<p>Je\u015bli my\u015blisz o tym, by wprowadzi\u0107 elastyczny <a href=\"https:\/\/www.timecamp.com\/pl\/blog\/2020\/09\/jak-organizowac-czas-pracy\/\" target=\"_blank\" rel=\"noopener noreferrer\">czas pracy<\/a> w swojej firmie lub zamierzasz z\u0142o\u017cy\u0107 wniosek o przyznanie ruchomych godzin pracy, sprawd\u017a:<\/p>\n<ul>\n<li>Jak elastyczny czas pracy opisany jest w Kodeksie Pracy?<\/li>\n<li>Jakie profity ten system pracy przynosi pracownikom i pracodawcom?<\/li>\n<li>Jakie profesje najbardziej skorzystaj\u0105 na elastycznej organizacji pracy?<\/li>\n<\/ul>\n<h2>Czym, wedle polskiego prawa, jest elastyczna organizacja czasu pracy?<\/h2>\n<p>Elastyczny czas pracy reguluje Kodeks Pracy, a tak\u017ce wspomina o nim Dyrektywa Parlamentu Europejskiego i Rady UE w swoich zapisach w sprawie przejrzystych i przewidywalnych warunk\u00f3w pracy w UE.<\/p>\n<p><strong>Elastycznymi <\/strong><a href=\"https:\/\/www.timecamp.com\/pl\/glossary\/rozklad-czasu-pracy\/\" target=\"_blank\" rel=\"noopener noreferrer\"><strong>rozk\u0142adami czasu pracy<\/strong><\/a><strong> s\u0105<\/strong>: praca zdalna, przerywany czas pracy, skr\u00f3cony czas pracy, <a href=\"https:\/\/www.timecamp.com\/pl\/glossary\/ruchomy-czas-pracy\/\" target=\"_blank\" rel=\"noopener noreferrer\">ruchomy czas pracy<\/a>, weekendowy i indywidualny czas pracy.<\/p>\n<p><a href=\"https:\/\/www.timecamp.com\/pl\/blog\/wp-content\/uploads\/2025\/01\/Infographic-02-Desktop-1.jpg\"><img loading=\"lazy\" decoding=\"async\" class=\"aligncenter size-full wp-image-7374\" src=\"https:\/\/www.timecamp.com\/pl\/blog\/wp-content\/uploads\/2025\/01\/Infographic-02-Desktop-1.jpg\" alt=\"infografika dotycz\u0105ca wprowadzenia elastycznych godzin pracy w \u015bwietle polskiego prawa\" width=\"1518\" height=\"1028\" srcset=\"https:\/\/www.timecamp.com\/pl\/blog\/wp-content\/uploads\/2025\/01\/Infographic-02-Desktop-1.jpg 1518w, https:\/\/www.timecamp.com\/pl\/blog\/wp-content\/uploads\/2025\/01\/Infographic-02-Desktop-1-300x203.jpg 300w, https:\/\/www.timecamp.com\/pl\/blog\/wp-content\/uploads\/2025\/01\/Infographic-02-Desktop-1-1024x693.jpg 1024w, https:\/\/www.timecamp.com\/pl\/blog\/wp-content\/uploads\/2025\/01\/Infographic-02-Desktop-1-768x520.jpg 768w, https:\/\/www.timecamp.com\/pl\/blog\/wp-content\/uploads\/2025\/01\/Infographic-02-Desktop-1-591x400.jpg 591w, https:\/\/www.timecamp.com\/pl\/blog\/wp-content\/uploads\/2025\/01\/Infographic-02-Desktop-1-363x246.jpg 363w, https:\/\/www.timecamp.com\/pl\/blog\/wp-content\/uploads\/2025\/01\/Infographic-02-Desktop-1-825x559.jpg 825w\" sizes=\"auto, (max-width: 1518px) 100vw, 1518px\" \/><\/a><\/p>\n<p><strong><span data-color=\"var(--green-10)\">Obowi\u0105zuj\u0105ce przepisy umo\u017cliwiaj\u0105 wprowadzenie elastycznego czasu pracy w dwojaki spos\u00f3b: <\/span><\/strong><\/p>\n<ul>\n<li><span data-color=\"var(--green-10)\">Ruchomy rozk\u0142ad czasu pracy mo\u017ce przewidywa\u0107 <\/span><strong><span data-color=\"var(--green-10)\">r\u00f3\u017cne godziny rozpoczynania pracy<\/span><\/strong><span data-color=\"var(--green-10)\"> w dniach, kt\u00f3re zgodnie z tym rozk\u0142adem s\u0105 dla pracownik\u00f3w dniami pracy. <\/span><\/li>\n<li><span data-color=\"var(--green-10)\">Rozk\u0142ad czasu pracy mo\u017ce przewidywa\u0107 <\/span><strong><span data-color=\"var(--green-10)\">przedzia\u0142 czasu, w kt\u00f3rym pracownik decyduje o godzinie rozpocz\u0119cia pracy <\/span><\/strong><span data-color=\"var(--green-10)\">w dniu, kt\u00f3ry zgodnie z tym rozk\u0142adem jest dla pracownika dniem pracy.<\/span><\/li>\n<\/ul>\n<p><strong>Kodeks pracy zak\u0142ada r\u00f3wnie\u017c, \u017ce: <\/strong><\/p>\n<ul>\n<li>Wykonywanie pracy zgodnie z rozk\u0142adami czasu pracy, o kt\u00f3rych mowa w poprzednich podpunktach, nie mo\u017ce narusza\u0107 prawa pracownika do odpoczynku, o kt\u00f3rym mowa w art. 132 i 133 Kodeksu Pracy.<\/li>\n<li>W rozk\u0142adach czasu pracy, o kt\u00f3rych mowa w \u00a7 1 i 2, ponowne wykonywanie pracy w tej samej dobie nie stanowi pracy w godzinach nadliczbowych.<\/li>\n<\/ul>\n<h4>Wprowadzenie elastycznej organizacji pracy odbywa si\u0119:<\/h4>\n<ul>\n<li><strong>Na wniosek pracownika:<\/strong> Wniosek o elastyczny czas pracy mo\u017ce z\u0142o\u017cy\u0107 (do 21 dni przed planowanym rozpocz\u0119ciem korzystania z przywileju) pracownik-rodzic w przypadku: ci\u0105\u017cy powik\u0142anej, ci\u0119\u017ckiego i nieodwracalnego upo\u015bledzenia lub nieuleczalnej choroby dziecka. Bior\u0105c pod uwag\u0119 konieczno\u015b\u0107 zapewnienia ci\u0105g\u0142o\u015bci pracy, pracodawca ma obowi\u0105zek rozpatrzy\u0107 wniosek pozytywnie, chyba \u017ce rodzaj wykonywanej pracy lub organizacja pracy na to nie pozwalaj\u0105. W takim przypadku, po rozpatrzeniu wniosku, pracodawca powinien poinformowa\u0107 pracownika o przyczynach odmowy.<\/li>\n<\/ul>\n<ul>\n<li><strong>Z inicjatywy pracodawcy:<\/strong> W przypadkach uzasadnionych rodzajem pracy, miejscem wykonywania pracy i jej organizacj\u0105.<\/li>\n<\/ul>\n<p>Elastyczny czas pracy mo\u017cna zastosowa\u0107 w ramach podstawej organizacji pracy (8 godzin w ka\u017cdym dniu roboczym). Nie mo\u017ce jednak narusza\u0107 prawa pracownika do nieprzerwanego odpoczynku dobowego (11 godzin) oraz odpoczynku tygodniowego (35 godzin).<\/p>\n<p>Ponadto, pracodawca mo\u017ce ustanowi\u0107 obowi\u0105zkowy zakres godzin. Polega on na tym, \u017ce pomi\u0119dzy okre\u015blonymi godzinami (np. od 12:00 do 15:00) wszyscy pracownicy s\u0105 zobligowani do pojawienia si\u0119 w pracy.<\/p>\n<h3>Elastyczny czas pracy a ochrona pracownika<\/h3>\n<p>Obecne przepisy jasno m\u00f3wi\u0105, \u017ce po pozytywnym uwzgl\u0119dnieniu wniosku o elastycznej organizacji pracy pracodawca <strong>nie mo\u017ce rozwi\u0105za\u0107 stosunku pracy oraz prowadzi\u0107 przygotowa\u0144 do wypowiedzenia stosunku pracy<\/strong>.<\/p>\n<h2>Elastyczny czas pracy &#8211; jak, po co i dla kogo?<\/h2>\n<p>W ruchomym czasie pracy to pracownik decyduje o godzinie rozpocz\u0119cia i zako\u0144czenia pracy. Mog\u0105 si\u0119 one pokrywa\u0107 z ustalonymi odg\u00f3rnie przez firm\u0119 godzinami urz\u0119dowania, ale nie musz\u0105, umo\u017cliwiaj\u0105c pracownikom dopasowanie obowi\u0105zk\u00f3w zawodowych do sytuacji rodzinnej lub wygospodarowanie czasu na podj\u0119cie pracy dodatkowej.<\/p>\n<h3>Jakie korzy\u015bci niesie dla pracownika elastyczny system czasu pracy?<\/h3>\n<p>Elastyczny czas pracy, w towarzystwie pracy zdalnej, to gratka dla os\u00f3b, kt\u00f3re ceni\u0105 sobie dowolno\u015b\u0107 w uk\u0142adaniu w\u0142asnego <a href=\"https:\/\/www.timecamp.com\/pl\/planner\/glossary\/plan-projektu\/\" target=\"_blank\" rel=\"noopener noreferrer\">planu<\/a> dnia zamiast dostosowywania go do sztywnego grafiku narzuconego przez firm\u0119.<\/p>\n<p>System ten jest te\u017c odpowiedzi\u0105 na specjalne potrzeby pracownika, uwzgl\u0119dniaj\u0105cym r\u00f3wnowag\u0119 mi\u0119dzy \u017cyciem zawodowym a prywatnym rodzic\u00f3w i opiekun\u00f3w.<\/p>\n<p><a href=\"https:\/\/www.timecamp.com\/pl\/blog\/wp-content\/uploads\/2025\/01\/Korzysci-dla-pracownika-z-pracy-w-elastycznych-godzinach.jpg\"><img loading=\"lazy\" decoding=\"async\" class=\"aligncenter size-full wp-image-7369\" src=\"https:\/\/www.timecamp.com\/pl\/blog\/wp-content\/uploads\/2025\/01\/Korzysci-dla-pracownika-z-pracy-w-elastycznych-godzinach.jpg\" alt=\"infografika ilustruj\u0105ca korzy\u015bci dla pracownika z elastycznych godzin pracy\" width=\"2277\" height=\"1783\" srcset=\"https:\/\/www.timecamp.com\/pl\/blog\/wp-content\/uploads\/2025\/01\/Korzysci-dla-pracownika-z-pracy-w-elastycznych-godzinach.jpg 2277w, https:\/\/www.timecamp.com\/pl\/blog\/wp-content\/uploads\/2025\/01\/Korzysci-dla-pracownika-z-pracy-w-elastycznych-godzinach-300x235.jpg 300w, https:\/\/www.timecamp.com\/pl\/blog\/wp-content\/uploads\/2025\/01\/Korzysci-dla-pracownika-z-pracy-w-elastycznych-godzinach-1024x802.jpg 1024w, https:\/\/www.timecamp.com\/pl\/blog\/wp-content\/uploads\/2025\/01\/Korzysci-dla-pracownika-z-pracy-w-elastycznych-godzinach-768x601.jpg 768w, https:\/\/www.timecamp.com\/pl\/blog\/wp-content\/uploads\/2025\/01\/Korzysci-dla-pracownika-z-pracy-w-elastycznych-godzinach-1536x1203.jpg 1536w, https:\/\/www.timecamp.com\/pl\/blog\/wp-content\/uploads\/2025\/01\/Korzysci-dla-pracownika-z-pracy-w-elastycznych-godzinach-2048x1604.jpg 2048w, https:\/\/www.timecamp.com\/pl\/blog\/wp-content\/uploads\/2025\/01\/Korzysci-dla-pracownika-z-pracy-w-elastycznych-godzinach-511x400.jpg 511w, https:\/\/www.timecamp.com\/pl\/blog\/wp-content\/uploads\/2025\/01\/Korzysci-dla-pracownika-z-pracy-w-elastycznych-godzinach-314x246.jpg 314w, https:\/\/www.timecamp.com\/pl\/blog\/wp-content\/uploads\/2025\/01\/Korzysci-dla-pracownika-z-pracy-w-elastycznych-godzinach-714x559.jpg 714w\" sizes=\"auto, (max-width: 2277px) 100vw, 2277px\" \/><\/a><\/p>\n<h4><strong><span data-color=\"var(--green-10)\">Z jakimi profitami wi\u0105\u017ce si\u0119 swobodne decydowanie o wyborze godzin rozpocz\u0119cia pracy?<\/span><\/strong><\/h4>\n<ul>\n<li><strong><span data-color=\"var(--green-10)\">Produktywno\u015b\u0107:<\/span><\/strong><span data-color=\"var(--green-10)\"> Zarz\u0105dzanie w\u0142asnym <\/span><a href=\"https:\/\/www.timecamp.com\/pl\/glossary\/harmonogram-pracy\/\" target=\"_blank\" rel=\"noopener noreferrer\"><span data-color=\"var(--green-10)\">harmonogramem<\/span><\/a><span data-color=\"var(--green-10)\"> dnia sprzyja redukcji stresu i zm\u0119czenia poprzez dostosowanie godzin pracy do w\u0142asnego rytmu dobowego. Pracownicy mog\u0105 wykonywa\u0107 swoje obowi\u0105zki w porach, w kt\u00f3rych czuj\u0105 si\u0119 najbardziej wypocz\u0119ci i gotowi do pracy, zamiast gapi\u0107 si\u0119 w ekran i powstrzymywa\u0107 si\u0119 przed przy\u015bni\u0119ciem zaraz po porannym pojawieniu si\u0119 w biurze.<\/span><\/li>\n<li><strong><span data-color=\"var(--green-10)\">Balans pomi\u0119dzy \u017cyciem zawodowym a prywatnym:<\/span><\/strong><span data-color=\"var(--green-10)\"> R\u00f3\u017cne godziny rozpocz\u0119cia i zako\u0144czenia pracy umo\u017cliwiaj\u0105 pracownikom opiekuj\u0105cym si\u0119 dzie\u0107mi dostosowanie rozk\u0142adu dnia do planu zaj\u0119\u0107 w szkole czy w \u017c\u0142obku. Opr\u00f3cz tego, elastyczny grafik pracy to \u015bwietna opcja dla os\u00f3b pracuj\u0105cych i podr\u00f3\u017cuj\u0105cych jednocze\u015bnie. <\/span><\/li>\n<li><strong><span data-color=\"var(--green-10)\">Satysfakcja z pracy:<\/span><\/strong><span data-color=\"var(--green-10)\"> Elastyczny czas pracy jest jednym z najbardziej docenianych benefit\u00f3w i wp\u0142ywa bezpo\u015brednio na satysfakcj\u0119 i ch\u0119\u0107 pozostania w zespole na d\u0142u\u017cej. Ponadto, system ten ogranicza wy\u0142\u0105czanie rodzic\u00f3w z \u017cycia zawodowego. <\/span><\/li>\n<li><strong><span data-color=\"var(--green-10)\">Samodzielno\u015b\u0107 pracownika:<\/span><\/strong><span data-color=\"var(--green-10)\"> Osoby same ustalaj\u0105ce sobie przedzia\u0142 czasu, w kt\u00f3rym pracuj\u0105, potrzebuj\u0105 mniej uwagi ze strony swoich zwierzchnik\u00f3w, demonstruj\u0105c tym samym gotowo\u015b\u0107 do pracy w r\u00f3\u017cnych warunkach, zw\u0142aszcza je\u015bli wykonuje prac\u0119 zgodnie z oczekiwaniami. <\/span><\/li>\n<\/ul>\n<h3>Jakie korzy\u015bci dla pracodawcy p\u0142yn\u0105 z pozytywnego rozpatrzenia wniosku o elastyczny czas pracy?<\/h3>\n<p>Zadowoleni z warunk\u00f3w pracy pracownicy to obietnica sprawnie dzia\u0142aj\u0105cego zespo\u0142u.<\/p>\n<p><a href=\"https:\/\/www.timecamp.com\/pl\/blog\/wp-content\/uploads\/2025\/01\/Korzysci-dla-pracodawcy-z-wprowadzenia-elastycznej-organizacji-pracy-zdalnej.jpg\"><img loading=\"lazy\" decoding=\"async\" class=\"aligncenter size-full wp-image-7371\" src=\"https:\/\/www.timecamp.com\/pl\/blog\/wp-content\/uploads\/2025\/01\/Korzysci-dla-pracodawcy-z-wprowadzenia-elastycznej-organizacji-pracy-zdalnej.jpg\" alt=\"infografika ilustruj\u0105ca korzy\u015bci dla pracodawcy z elastycznych godzin pracy\" width=\"2277\" height=\"2007\" srcset=\"https:\/\/www.timecamp.com\/pl\/blog\/wp-content\/uploads\/2025\/01\/Korzysci-dla-pracodawcy-z-wprowadzenia-elastycznej-organizacji-pracy-zdalnej.jpg 2277w, https:\/\/www.timecamp.com\/pl\/blog\/wp-content\/uploads\/2025\/01\/Korzysci-dla-pracodawcy-z-wprowadzenia-elastycznej-organizacji-pracy-zdalnej-300x264.jpg 300w, https:\/\/www.timecamp.com\/pl\/blog\/wp-content\/uploads\/2025\/01\/Korzysci-dla-pracodawcy-z-wprowadzenia-elastycznej-organizacji-pracy-zdalnej-1024x903.jpg 1024w, https:\/\/www.timecamp.com\/pl\/blog\/wp-content\/uploads\/2025\/01\/Korzysci-dla-pracodawcy-z-wprowadzenia-elastycznej-organizacji-pracy-zdalnej-768x677.jpg 768w, https:\/\/www.timecamp.com\/pl\/blog\/wp-content\/uploads\/2025\/01\/Korzysci-dla-pracodawcy-z-wprowadzenia-elastycznej-organizacji-pracy-zdalnej-1536x1354.jpg 1536w, https:\/\/www.timecamp.com\/pl\/blog\/wp-content\/uploads\/2025\/01\/Korzysci-dla-pracodawcy-z-wprowadzenia-elastycznej-organizacji-pracy-zdalnej-2048x1805.jpg 2048w, https:\/\/www.timecamp.com\/pl\/blog\/wp-content\/uploads\/2025\/01\/Korzysci-dla-pracodawcy-z-wprowadzenia-elastycznej-organizacji-pracy-zdalnej-454x400.jpg 454w, https:\/\/www.timecamp.com\/pl\/blog\/wp-content\/uploads\/2025\/01\/Korzysci-dla-pracodawcy-z-wprowadzenia-elastycznej-organizacji-pracy-zdalnej-279x246.jpg 279w, https:\/\/www.timecamp.com\/pl\/blog\/wp-content\/uploads\/2025\/01\/Korzysci-dla-pracodawcy-z-wprowadzenia-elastycznej-organizacji-pracy-zdalnej-634x559.jpg 634w\" sizes=\"auto, (max-width: 2277px) 100vw, 2277px\" \/><\/a><\/p>\n<p><strong><span data-color=\"var(--green-10)\">Jak mo\u017cliwo\u015b\u0107 elastycznej organizacji pracy procentuje dla pracodawcy? <\/span><\/strong><\/p>\n<ul>\n<li><strong><span data-color=\"var(--green-10)\">Inkluzywno\u015b\u0107 w rekrutacji<\/span><\/strong><span data-color=\"var(--green-10)\">: Elastyczne godziny pracy umo\u017cliwiaj\u0105 uwzgl\u0119dnienie w procesie rektutacji os\u00f3b, kt\u00f3rych kwalifikacje i do\u015bwiadczenie idealnie pasuj\u0105 do profilu kandydata, a kt\u00f3re jednak np. ze wzgl\u0119du na sytuacj\u0119 rodzinn\u0105 lub niepe\u0142nosprawno\u015b\u0107 nie by\u0142yby w stanie wykonywa\u0107 swoich obowi\u0105zk\u00f3w w standardowych godzinach i miejscu pracy. <\/span><\/li>\n<li><strong><span data-color=\"var(--green-10)\">Ni\u017csza retencja pracownik\u00f3w: <\/span><\/strong><span data-color=\"var(--green-10)\">Zaspokajaj\u0105c specjalne potrzeby pracownika, firma oszcz\u0119dza na organizowaniu dodatkowych rekrutacji i szkoleniu nowych pracownik\u00f3w. <\/span><\/li>\n<li><strong><span data-color=\"var(--green-10)\">Wzrost zaanga\u017cowania i lojalno\u015bci pracownik\u00f3w:<\/span><\/strong><span data-color=\"var(--green-10)\"> Pozytywne rozpatrzenie wniosku o elastyczne godziny pracy, zw\u0142aszcza w po\u0142\u0105czeniu z prac\u0105 zdaln\u0105, to jasny sygna\u0142 od pracodawcy, \u017ce ufa swoim pracownikom i wie, \u017ce pomimo ruchomego czasu pracy b\u0119d\u0105 oni wykonywa\u0107 swoje obowi\u0105zki zawodowe sumiennie i wed\u0142ug okre\u015blonych deadline&#8217;\u00f3w. <\/span><\/li>\n<li><strong><span data-color=\"var(--green-10)\">Ni\u017csza absencja:<\/span><\/strong><span data-color=\"var(--green-10)\"> Ruchomy grafik pracy umo\u017cliwia pracownikom odbycie zaplanowanych wizyt lekarskich czy spotka\u0144 z nauczycielami dziecka, ale bez konieczno\u015bci brania dnia wolnego. Ponadto elastyczny czas pracy i praca zdalna pozytywnie wp\u0142ywaj\u0105 na zdrowie psychiczne pracownik\u00f3w. Ograniczaj\u0105 stres zwi\u0105zanego z nisk\u0105 satysfakcj\u0105 z pracy, brakiem motywacji lub wypaleniem zawodowym, przez co pracownicy rzadziej korzystaj\u0105 z wolnego na ostatni moment. <\/span><\/li>\n<\/ul>\n<h2>Czy elastyczny czas pracy mo\u017ce mie\u0107 negatywny wp\u0142yw na wydajno\u015b\u0107 zespo\u0142u?<\/h2>\n<p>Elastyczny czas pracy to nie remedium na zachowanie prawid\u0142owego work-life balance. Bez prawid\u0142owej higieny pracy, samodyscypliny i pilnowania termin\u00f3w efekt mo\u017ce by\u0107 odwrotny od zamierzonego.<\/p>\n<h3>Perspektywa pracownika<\/h3>\n<p>Je\u015bli nie do ko\u0144ca wiesz, czy elastyczny czas pracy jest dla ciebie, a trudna sytuacja rodzinna nie zmusza ci\u0119 do z\u0142o\u017cenia wniosku o przyznanie ruchomych godzin pracy, wstrzymaj si\u0119 z decyzj\u0105.<\/p>\n<p>Dlaczego? Poniewa\u017c elastyczny czas pracy:<\/p>\n<ul>\n<li><strong>Daje z\u0142udne poczucie &#8222;rozci\u0105gni\u0119tej doby&#8221;<\/strong>: \u0141atwo jest zapomnie\u0107 po ca\u0142ym dniu rozdrabniania si\u0119 mi\u0119dzy prac\u0105 a \u017cyciem prywatnym, \u017ce terminy goni\u0105 i zosta\u0142y jeszcze dwie godziny do wypracowania pe\u0142nych o\u015bmiu. A powieki si\u0119 klej\u0105&#8230;<\/li>\n<li><strong>Sprzyja prokrastynacji:<\/strong> Mieszanie obowi\u0105zk\u00f3w s\u0142u\u017cbowych z \u017cyciem prywatnym bez solidnego grafiku dnia cz\u0119sto ko\u0144czy si\u0119 odwlekaniem obowi\u0105zk\u00f3w. Zaburza to prac\u0119 zespo\u0142u, zw\u0142aszcza je\u015bli istniej\u0105 zale\u017cno\u015bci mi\u0119dzy zadaniami przypisanymi do kilku os\u00f3b jednocze\u015bnie. W takim przypadku pracownik mo\u017ce co najwy\u017cej miesza\u0107 zup\u0119, i to jedn\u0105 r\u0119k\u0105, bo druga zaj\u0119ta b\u0119dzie nadganianiem pracy.<\/li>\n<\/ul>\n<h3><strong>Perspektywa pracodawcy<\/strong><\/h3>\n<p>Elastyczny czas pracy nie sprawdzi si\u0119 w ka\u017cdej profesji i w ka\u017cdym typie organizacji pracy.<\/p>\n<p>Opr\u00f3cz obaw o spadek produktywno\u015bci, pracodawcy mog\u0105 obawia\u0107 si\u0119 o:<\/p>\n<ul>\n<li><strong>Trudno\u015bci w egzekwowaniu rezultat\u00f3w pracy:<\/strong> Nie ka\u017cdy pracodawca lub manager zespo\u0142u b\u0119dzie umia\u0142 poradzi\u0107 sobie z <a href=\"https:\/\/www.timecamp.com\/pl\/planner\/glossary\/zarzadzanie-zespolem\/\" target=\"_blank\" rel=\"noopener noreferrer\">zarz\u0105dzaniem zespo\u0142em<\/a>, w kt\u00f3rym cz\u0119\u015b\u0107 pracownik\u00f3w pracuje w ruchomych godzinach. Mo\u017ce to prowadzi\u0107 do stosowania praktyk wzma\u017caj\u0105cych stres u pracownik\u00f3w, takich jak nadmierna kontrola poprzez mikrozarz\u0105dzanie.<\/li>\n<li><strong>Brak efektywnej komunikacji<\/strong>: Elastyczny czas pracy mo\u017ce ogranicza\u0107 bezpo\u015bredni kontakt mi\u0119dzy pracownikami. Bez odpowiednich narz\u0119dzi i ustalonych regu\u0142 wsp\u00f3\u0142pracy istnieje du\u017ce ryzyko nieporozumie\u0144 prowadz\u0105cych do op\u00f3\u017aniej w projekcie.<\/li>\n<\/ul>\n<h2>Jak sprawnie zarz\u0105dza\u0107 pracownikami z r\u00f3\u017cnymi typami organizacji czasu pracy?<\/h2>\n<p>Odpowiednie funkcjonowanie zespo\u0142u zapewni\u0105 odpowiednie narz\u0119dzia:<\/p>\n<ul>\n<li><strong>TimeCamp<\/strong>: Rejestruje godziny rozpocz\u0119cia i zako\u0144czenia pracy i tworzy listy czasu pracy na podstawie godzin sp\u0119dzonych na konkretnych zadaniach.<\/li>\n<li><a href=\"https:\/\/kadromierz.pl\/\" target=\"_blank\"><strong>Kadromierz.pl<\/strong><\/a>: Umo\u017cliwia tworzenie grafik\u00f3w czasu pracy uwzgl\u0119dniaj\u0105cych potrzeby pracownik\u00f3w oraz wymogi Kodeksu pracy.<\/li>\n<li><strong>Planner:<\/strong> Oferuje <a href=\"https:\/\/www.timecamp.com\/pl\/blog\/2023\/02\/15-najlepszych-programow-do-zarzadzania-zadaniami-na-2023-rok\/\" target=\"_blank\" rel=\"noopener noreferrer\">zarz\u0105dzanie zadaniami<\/a> wsp\u00f3\u0142prac\u0119 zespo\u0142u w czasie rzeczywistym, niezale\u017cnie od miejsca i czasu wykonywania obowi\u0105zk\u00f3w.<\/li>\n<\/ul>\n<p class=\"p1\"><section id=\"contact_banner\">\n<div class=\"header\">\n    <span>Mierz rentowno\u015b\u0107 jak najlepsi<\/span><\/p>\n<p>Um\u00f3w prezentacj\u0119, i sprawd\u017c, jak dzia\u0142a TimeCamp skonfigurowany pod struktur\u0119 Twojej firmy, obieg danych oraz system raportowania.<\/p>\n<\/p><\/div>\n<div class=\"content\">\n<div class=\"image\">\n      <img decoding=\"async\" src=\"https:\/\/www.timecamp.com\/blog\/wp-content\/uploads\/2026\/02\/contact-banner-image.png\" alt=\"banner\">\n    <\/div>\n<div class=\"text\">\n      <span>Dlaczego warto si\u0119 z nami spotka\u0107?<\/span><\/p>\n<ul>\n<li>\n          <img decoding=\"async\" src=\"https:\/\/www.timecamp.com\/blog\/wp-content\/uploads\/2026\/02\/checkmark-blue.svg\" alt=\"icon\"><\/p>\n<p>Nasz konsultant oprowadzi ci\u0119 po produkcie i dostosuje ofert\u0119<\/p>\n<\/li>\n<li>\n          <img decoding=\"async\" src=\"https:\/\/www.timecamp.com\/blog\/wp-content\/uploads\/2026\/02\/checkmark-blue.svg\" alt=\"icon\"><\/p>\n<p>Odpowiemy na wszystkie Twoje pytania na \u017cywo<\/p>\n<\/li>\n<li>\n          <img decoding=\"async\" src=\"https:\/\/www.timecamp.com\/blog\/wp-content\/uploads\/2026\/02\/checkmark-blue.svg\" alt=\"icon\"><\/p>\n<p>Dowiesz si\u0119 jak po\u0142\u0105czy\u0107 TimeCamp z narz\u0119dziami, kt\u00f3rych u\u017cywacie<\/p>\n<\/li>\n<\/ul><\/div>\n<\/p><\/div>\n<div class=\"buttons\">\n              <a\n            class=\"btn btn-filled orange\"\n            rel=\"nofollow\"\n            href=\"\"\n            onclick=\"\n              Calendly.initPopupWidget({\n                url: 'https:\/\/calendly.com\/timecamp-nkaleta\/20min?utm_source=web&#038;utm_medium=cta&#038;utm_campaign=widget&#038;utm_content=wdg_demo',\n              });\n              return false;\n            \"\n            >Um\u00f3w demo<\/a\n          >\n  <\/div>\n<div class=\"teams\">\n<div class=\"text-with-line\">\n<div class=\"line\"><\/div>\n<p class=\"text\">Do\u0142\u0105cz do 18,000+ zadowolonych zespo\u0142\u00f3w<\/p>\n<div class=\"line\"><\/div>\n<\/p><\/div>\n<div class=\"icons\">\n      <img decoding=\"async\" src=\"https:\/\/cdn-y.timecamp.com\/img\/components\/banner-contact-us\/icons\/pwc.svg\" alt=\"icon\"><img decoding=\"async\" src=\"https:\/\/cdn-y.timecamp.com\/img\/components\/banner-contact-us\/icons\/similarweb.svg\" alt=\"icon\"><img decoding=\"async\" src=\"https:\/\/cdn-y.timecamp.com\/img\/components\/banner-contact-us\/icons\/accenture.svg\" alt=\"icon\"><img decoding=\"async\" src=\"https:\/\/cdn-y.timecamp.com\/img\/components\/banner-contact-us\/icons\/roche.svg\" alt=\"icon\"><img decoding=\"async\" src=\"https:\/\/cdn-y.timecamp.com\/img\/components\/banner-contact-us\/icons\/havas.svg\" alt=\"icon\"><img decoding=\"async\" src=\"https:\/\/cdn-y.timecamp.com\/img\/components\/banner-contact-us\/icons\/dekra.svg\" alt=\"icon\">\n    <\/div>\n<\/p><\/div>\n<div class=\"image-mobile\">\n      <img decoding=\"async\" src=\"https:\/\/www.timecamp.com\/blog\/wp-content\/uploads\/2026\/02\/contact-banner-image.png\" alt=\"banner\">\n    <\/div>\n<div class=\"testimonial\">\n    <img decoding=\"async\" src=\"https:\/\/www.timecamp.com\/blog\/wp-content\/uploads\/2026\/02\/companies.svg\" alt=\"icon\"><img decoding=\"async\" src=\"https:\/\/www.timecamp.com\/pl\/blog\/wp-content\/uploads\/2026\/02\/reviews.png\" style=\"max-width: 250px !important;\" alt=\"icon\">\n  <\/div>\n<\/section>\n<link href=\"https:\/\/assets.calendly.com\/assets\/external\/widget.css\" rel=\"stylesheet\">\n<script src=\"https:\/\/assets.calendly.com\/assets\/external\/widget.js\" type=\"text\/javascript\" async><\/script><\/p>\n<\/p>\n<h2>Jak rozlicza\u0107 elastyczny czas pracy?<\/h2>\n<p>Prowadzenie <a href=\"https:\/\/www.timecamp.com\/pl\/glossary\/ewidencja-czasu-pracy\/\" target=\"_blank\" rel=\"noopener noreferrer\">ewidencji czasu pracy<\/a> i listy p\u0142ac jest obowiazkiem pracodawcy, niezale\u017cnie od czego, czy pracownika obowi\u0105zuje regularny czy elastyczny czas pracy.<\/p>\n<p>Wa\u017cny z perspektywy pracodawcy jest za\u015b fakt, \u017ce je\u015bli pracownik funkcjonuj\u0105cy w ruchomym czasie pracy wznawia wykonywanie obowi\u0105zki w tej samej dobie pracowniczej, nie jest to rozumiane jako praca w godzinach nadliczbowych.<\/p>\n<p><strong>Przyk\u0142ad:<\/strong> Pracownik w pierwszym dniu zacz\u0105\u0142 prac\u0119 o 9:00 i zako\u0144czy\u0142 j\u0105 o 17:00, co oznacza, \u017ce jego doba pracownicza trwa od pierwszego dnia o 9:00 do nast\u0119pnego o tej samej godzinie. Zatem, je\u015bli drugiego dnia zacz\u0105\u0142 prac\u0119 o 8:00 i sko\u0144czy\u0142 j\u0105 o 16:00, to godzina przepracowana w pierwszej dobie pracowniczej nie b\u0119dzie uznana jako praca w godzinach nadliczbowych &#8211; jest to prawid\u0142owy rozk\u0142ad czasu pracy.<\/p>\n<p>Rozliczaj elastyczny czas pracy z TimeCamp, kt\u00f3ry automatycznie przygotuje dok\u0142adn\u0105 <a href=\"https:\/\/www.timecamp.com\/pl\/blog\/lista-obecnosci-online\/\" target=\"_blank\" rel=\"noopener noreferrer\">list\u0119 obecno\u015bci<\/a> i godzin pracy pracownik\u00f3w. Zaimportuj j\u0105 do swojego programu ksi\u0119gowego, by wystawi\u0107 list\u0119 p\u0142ac zgodn\u0105 z liczb\u0105 przepracowanych godzin.<\/p>\n<h2><strong>Dlaczego warto rozwa\u017cy\u0107 wprowadzenie elastycznego czasu pracy?<\/strong><\/h2>\n<p>Przy sprawnej organizacji harmonogramu pracy i efektywnej komunikacji, korzy\u015bci z oferowania elastycznego czasu pracy przewa\u017caj\u0105 nad potencjalnymi stratami &#8211; zar\u00f3wno dla pracownika, jak i dla pracodawcy. Kto wie, by\u0107 mo\u017ce rozpoczynanie pracy o dowolnej porze wniesie now\u0105 jako\u015b\u0107 i \u015bwie\u017co\u015b\u0107 w zespole?<\/p>\n<p>Zanim jednak zaoferujesz swoim pracownikom elastyczny czas pracy jako benefit, rozwa\u017c wprowadzenie tego systemu &#8222;na pr\u00f3b\u0119&#8221;, aby sprawdzi\u0107, czy nie zaburzy on dzia\u0142ania firmy i nie obni\u017cy wydajno\u015bci pracownik\u00f3w.<\/p>\n<p><strong>\u0179r\u00f3d\u0142a: <\/strong><\/p>\n<p>https:\/\/sip.lex.pl\/akty-prawne\/dzu-dziennik-ustaw\/kodeks-pracy-16789274\/art-140-1<\/p>\n<p>https:\/\/kadry.infor.pl\/kodeks-pracy\/czas-pracy\/6483452,ruchomy-czas-pracy-rozklad-czasu-pracy-wygodny-dla-pracodawcy-i-prac.html<\/p>\n<p>https:\/\/eur-lex.europa.eu\/legal-content\/PL\/TXT\/?uri=CELEX%3A32019L1152<\/p>\n","protected":false},"excerpt":{"rendered":"<p>Elastyczne godziny pracy nie s\u0105, jak by si\u0119 mog\u0142o wydawa\u0107, wymys\u0142em Zetek. Poszukuj\u0105c r\u00f3wnowagi mi\u0119dzy \u017cyciem zawodowym a prywatnym, coraz wi\u0119cej os\u00f3b reprezentuj\u0105cych starsze pokolenia rozwa\u017ca zastosowanie elastycznej organizacji pracy, je\u015bli tylko pracodawca zaoferuje im tak\u0105 mo\u017cliwo\u015b\u0107. Je\u015bli my\u015blisz o tym, by wprowadzi\u0107 elastyczny czas pracy w swojej firmie lub zamierzasz z\u0142o\u017cy\u0107 wniosek o przyznanie [&hellip;]<\/p>\n","protected":false},"author":3,"featured_media":7368,"comment_status":"closed","ping_status":"open","sticky":false,"template":"","format":"standard","meta":{"_acf_changed":false,"_glsr_average":0,"_glsr_ranking":0,"_glsr_reviews":0,"footnotes":""},"categories":[49,15],"tags":[],"class_list":["post-7365","post","type-post","status-publish","format-standard","has-post-thumbnail","hentry","category-praca","category-zarzadzanie-czasem"],"acf":[],"yoast_head":"<!-- This site is optimized with the Yoast SEO plugin v25.4 - https:\/\/yoast.com\/wordpress\/plugins\/seo\/ -->\n<title>Elastyczne godziny pracy: czy warto wprowadzi\u0107 je w swojej firmie?<\/title>\n<meta name=\"description\" content=\"Elastyczne godziny pracy s\u0105 korzystne zar\u00f3wno dla pracownik\u00f3w, jak i dla pracodawcy. Jak zatem wprowadzi\u0107 ruchomy grafik pracy?\" \/>\n<meta name=\"robots\" content=\"index, follow, max-snippet:-1, max-image-preview:large, max-video-preview:-1\" \/>\n<link rel=\"canonical\" href=\"https:\/\/www.timecamp.com\/pl\/blog\/elastyczne-godziny-pracy-czy-warto-wprowadzic-je-w-firmie\/\" \/>\n<meta property=\"og:locale\" content=\"pl_PL\" \/>\n<meta property=\"og:type\" content=\"article\" \/>\n<meta property=\"og:title\" content=\"Elastyczne godziny pracy: czy warto wprowadzi\u0107 je w swojej firmie?\" \/>\n<meta property=\"og:description\" content=\"Elastyczne godziny pracy s\u0105 korzystne zar\u00f3wno dla pracownik\u00f3w, jak i dla pracodawcy. Jak zatem wprowadzi\u0107 ruchomy grafik pracy?\" \/>\n<meta property=\"og:url\" content=\"https:\/\/www.timecamp.com\/pl\/blog\/elastyczne-godziny-pracy-czy-warto-wprowadzic-je-w-firmie\/\" \/>\n<meta property=\"og:site_name\" content=\"TimeCamp Blog \u2013 Zarz\u0105dzanie czasem\" \/>\n<meta property=\"article:published_time\" content=\"2025-01-28T17:02:50+00:00\" \/>\n<meta property=\"article:modified_time\" content=\"2026-02-09T15:55:21+00:00\" \/>\n<meta property=\"og:image\" content=\"https:\/\/www.timecamp.com\/pl\/blog\/wp-content\/uploads\/2025\/01\/Elastyczne-godziny-pracy_-czy-warto-wprowadzic-je-w-firmie_.jpg\" \/>\n\t<meta property=\"og:image:width\" content=\"1890\" \/>\n\t<meta property=\"og:image:height\" content=\"1290\" \/>\n\t<meta property=\"og:image:type\" content=\"image\/jpeg\" \/>\n<meta name=\"author\" content=\"Ola Rybacka\" \/>\n<meta name=\"twitter:label1\" content=\"Napisane przez\" \/>\n\t<meta name=\"twitter:data1\" content=\"Ola Rybacka\" \/>\n\t<meta name=\"twitter:label2\" content=\"Szacowany czas czytania\" \/>\n\t<meta name=\"twitter:data2\" content=\"10 minut\" \/>\n<script type=\"application\/ld+json\" class=\"yoast-schema-graph\">{\"@context\":\"https:\/\/schema.org\",\"@graph\":[{\"@type\":\"WebPage\",\"@id\":\"https:\/\/www.timecamp.com\/pl\/blog\/elastyczne-godziny-pracy-czy-warto-wprowadzic-je-w-firmie\/\",\"url\":\"https:\/\/www.timecamp.com\/pl\/blog\/elastyczne-godziny-pracy-czy-warto-wprowadzic-je-w-firmie\/\",\"name\":\"Elastyczne godziny pracy: czy warto wprowadzi\u0107 je w swojej firmie?\",\"isPartOf\":{\"@id\":\"https:\/\/www.timecamp.com\/pl\/blog\/#website\"},\"primaryImageOfPage\":{\"@id\":\"https:\/\/www.timecamp.com\/pl\/blog\/elastyczne-godziny-pracy-czy-warto-wprowadzic-je-w-firmie\/#primaryimage\"},\"image\":{\"@id\":\"https:\/\/www.timecamp.com\/pl\/blog\/elastyczne-godziny-pracy-czy-warto-wprowadzic-je-w-firmie\/#primaryimage\"},\"thumbnailUrl\":\"https:\/\/www.timecamp.com\/pl\/blog\/wp-content\/uploads\/2025\/01\/Elastyczne-godziny-pracy_-czy-warto-wprowadzic-je-w-firmie_.jpg\",\"datePublished\":\"2025-01-28T17:02:50+00:00\",\"dateModified\":\"2026-02-09T15:55:21+00:00\",\"author\":{\"@id\":\"https:\/\/www.timecamp.com\/pl\/blog\/#\/schema\/person\/885116ec83194d0a30ca75926bed0f82\"},\"description\":\"Elastyczne godziny pracy s\u0105 korzystne zar\u00f3wno dla pracownik\u00f3w, jak i dla pracodawcy. Jak zatem wprowadzi\u0107 ruchomy grafik pracy?\",\"breadcrumb\":{\"@id\":\"https:\/\/www.timecamp.com\/pl\/blog\/elastyczne-godziny-pracy-czy-warto-wprowadzic-je-w-firmie\/#breadcrumb\"},\"inLanguage\":\"pl-PL\",\"potentialAction\":[{\"@type\":\"ReadAction\",\"target\":[\"https:\/\/www.timecamp.com\/pl\/blog\/elastyczne-godziny-pracy-czy-warto-wprowadzic-je-w-firmie\/\"]}]},{\"@type\":\"ImageObject\",\"inLanguage\":\"pl-PL\",\"@id\":\"https:\/\/www.timecamp.com\/pl\/blog\/elastyczne-godziny-pracy-czy-warto-wprowadzic-je-w-firmie\/#primaryimage\",\"url\":\"https:\/\/www.timecamp.com\/pl\/blog\/wp-content\/uploads\/2025\/01\/Elastyczne-godziny-pracy_-czy-warto-wprowadzic-je-w-firmie_.jpg\",\"contentUrl\":\"https:\/\/www.timecamp.com\/pl\/blog\/wp-content\/uploads\/2025\/01\/Elastyczne-godziny-pracy_-czy-warto-wprowadzic-je-w-firmie_.jpg\",\"width\":1890,\"height\":1290,\"caption\":\"rozp\u0142ywaj\u0105ce si\u0119 zegary ilustruj\u0105ce elastyczne godziny pracy\"},{\"@type\":\"BreadcrumbList\",\"@id\":\"https:\/\/www.timecamp.com\/pl\/blog\/elastyczne-godziny-pracy-czy-warto-wprowadzic-je-w-firmie\/#breadcrumb\",\"itemListElement\":[{\"@type\":\"ListItem\",\"position\":1,\"name\":\"Home\",\"item\":\"https:\/\/www.timecamp.com\/pl\/blog\/\"},{\"@type\":\"ListItem\",\"position\":2,\"name\":\"Elastyczne godziny pracy: czy warto wprowadzi\u0107 je w firmie?\"}]},{\"@type\":\"WebSite\",\"@id\":\"https:\/\/www.timecamp.com\/pl\/blog\/#website\",\"url\":\"https:\/\/www.timecamp.com\/pl\/blog\/\",\"name\":\"TimeCamp Blog \u2013 Zarz\u0105dzanie czasem\",\"description\":\"TimeCamp\",\"potentialAction\":[{\"@type\":\"SearchAction\",\"target\":{\"@type\":\"EntryPoint\",\"urlTemplate\":\"https:\/\/www.timecamp.com\/pl\/blog\/?s={search_term_string}\"},\"query-input\":{\"@type\":\"PropertyValueSpecification\",\"valueRequired\":true,\"valueName\":\"search_term_string\"}}],\"inLanguage\":\"pl-PL\"},{\"@type\":\"Person\",\"@id\":\"https:\/\/www.timecamp.com\/pl\/blog\/#\/schema\/person\/885116ec83194d0a30ca75926bed0f82\",\"name\":\"Ola Rybacka\",\"image\":{\"@type\":\"ImageObject\",\"inLanguage\":\"pl-PL\",\"@id\":\"https:\/\/www.timecamp.com\/pl\/blog\/#\/schema\/person\/image\/\",\"url\":\"https:\/\/secure.gravatar.com\/avatar\/a55bc496bb3430306d4e86473315e6b277b8d71806c72ec1442d64040b15a8a0?s=96&d=mm&r=g\",\"contentUrl\":\"https:\/\/secure.gravatar.com\/avatar\/a55bc496bb3430306d4e86473315e6b277b8d71806c72ec1442d64040b15a8a0?s=96&d=mm&r=g\",\"caption\":\"Ola Rybacka\"},\"description\":\"Product Marketer i Content Specialist w TimeCamp. Pracuje zdalnie od ponad dziesi\u0119ciu lat i wie, jak nie zwariowa\u0107, gdy dom jest jednocze\u015bnie miejscem pracy i odpoczynku. Zna TimeCamp od podszewki, co wida\u0107 w artyku\u0142ach i filmach, gdzie przek\u0142ada techniczny \u017cargon na co\u015b bardziej reader-friendly. A po pracy? Manga, anime i kucie do egzaminu JLPT.\",\"url\":\"https:\/\/www.timecamp.com\/pl\/blog\/author\/o-rybacka\/\"}]}<\/script>\n<!-- \/ Yoast SEO plugin. -->","yoast_head_json":{"title":"Elastyczne godziny pracy: czy warto wprowadzi\u0107 je w swojej firmie?","description":"Elastyczne godziny pracy s\u0105 korzystne zar\u00f3wno dla pracownik\u00f3w, jak i dla pracodawcy. Jak zatem wprowadzi\u0107 ruchomy grafik pracy?","robots":{"index":"index","follow":"follow","max-snippet":"max-snippet:-1","max-image-preview":"max-image-preview:large","max-video-preview":"max-video-preview:-1"},"canonical":"https:\/\/www.timecamp.com\/pl\/blog\/elastyczne-godziny-pracy-czy-warto-wprowadzic-je-w-firmie\/","og_locale":"pl_PL","og_type":"article","og_title":"Elastyczne godziny pracy: czy warto wprowadzi\u0107 je w swojej firmie?","og_description":"Elastyczne godziny pracy s\u0105 korzystne zar\u00f3wno dla pracownik\u00f3w, jak i dla pracodawcy. Jak zatem wprowadzi\u0107 ruchomy grafik pracy?","og_url":"https:\/\/www.timecamp.com\/pl\/blog\/elastyczne-godziny-pracy-czy-warto-wprowadzic-je-w-firmie\/","og_site_name":"TimeCamp Blog \u2013 Zarz\u0105dzanie czasem","article_published_time":"2025-01-28T17:02:50+00:00","article_modified_time":"2026-02-09T15:55:21+00:00","og_image":[{"width":1890,"height":1290,"url":"https:\/\/www.timecamp.com\/pl\/blog\/wp-content\/uploads\/2025\/01\/Elastyczne-godziny-pracy_-czy-warto-wprowadzic-je-w-firmie_.jpg","type":"image\/jpeg"}],"author":"Ola Rybacka","twitter_misc":{"Napisane przez":"Ola Rybacka","Szacowany czas czytania":"10 minut"},"schema":{"@context":"https:\/\/schema.org","@graph":[{"@type":"WebPage","@id":"https:\/\/www.timecamp.com\/pl\/blog\/elastyczne-godziny-pracy-czy-warto-wprowadzic-je-w-firmie\/","url":"https:\/\/www.timecamp.com\/pl\/blog\/elastyczne-godziny-pracy-czy-warto-wprowadzic-je-w-firmie\/","name":"Elastyczne godziny pracy: czy warto wprowadzi\u0107 je w swojej firmie?","isPartOf":{"@id":"https:\/\/www.timecamp.com\/pl\/blog\/#website"},"primaryImageOfPage":{"@id":"https:\/\/www.timecamp.com\/pl\/blog\/elastyczne-godziny-pracy-czy-warto-wprowadzic-je-w-firmie\/#primaryimage"},"image":{"@id":"https:\/\/www.timecamp.com\/pl\/blog\/elastyczne-godziny-pracy-czy-warto-wprowadzic-je-w-firmie\/#primaryimage"},"thumbnailUrl":"https:\/\/www.timecamp.com\/pl\/blog\/wp-content\/uploads\/2025\/01\/Elastyczne-godziny-pracy_-czy-warto-wprowadzic-je-w-firmie_.jpg","datePublished":"2025-01-28T17:02:50+00:00","dateModified":"2026-02-09T15:55:21+00:00","author":{"@id":"https:\/\/www.timecamp.com\/pl\/blog\/#\/schema\/person\/885116ec83194d0a30ca75926bed0f82"},"description":"Elastyczne godziny pracy s\u0105 korzystne zar\u00f3wno dla pracownik\u00f3w, jak i dla pracodawcy. Jak zatem wprowadzi\u0107 ruchomy grafik pracy?","breadcrumb":{"@id":"https:\/\/www.timecamp.com\/pl\/blog\/elastyczne-godziny-pracy-czy-warto-wprowadzic-je-w-firmie\/#breadcrumb"},"inLanguage":"pl-PL","potentialAction":[{"@type":"ReadAction","target":["https:\/\/www.timecamp.com\/pl\/blog\/elastyczne-godziny-pracy-czy-warto-wprowadzic-je-w-firmie\/"]}]},{"@type":"ImageObject","inLanguage":"pl-PL","@id":"https:\/\/www.timecamp.com\/pl\/blog\/elastyczne-godziny-pracy-czy-warto-wprowadzic-je-w-firmie\/#primaryimage","url":"https:\/\/www.timecamp.com\/pl\/blog\/wp-content\/uploads\/2025\/01\/Elastyczne-godziny-pracy_-czy-warto-wprowadzic-je-w-firmie_.jpg","contentUrl":"https:\/\/www.timecamp.com\/pl\/blog\/wp-content\/uploads\/2025\/01\/Elastyczne-godziny-pracy_-czy-warto-wprowadzic-je-w-firmie_.jpg","width":1890,"height":1290,"caption":"rozp\u0142ywaj\u0105ce si\u0119 zegary ilustruj\u0105ce elastyczne godziny pracy"},{"@type":"BreadcrumbList","@id":"https:\/\/www.timecamp.com\/pl\/blog\/elastyczne-godziny-pracy-czy-warto-wprowadzic-je-w-firmie\/#breadcrumb","itemListElement":[{"@type":"ListItem","position":1,"name":"Home","item":"https:\/\/www.timecamp.com\/pl\/blog\/"},{"@type":"ListItem","position":2,"name":"Elastyczne godziny pracy: czy warto wprowadzi\u0107 je w firmie?"}]},{"@type":"WebSite","@id":"https:\/\/www.timecamp.com\/pl\/blog\/#website","url":"https:\/\/www.timecamp.com\/pl\/blog\/","name":"TimeCamp Blog \u2013 Zarz\u0105dzanie czasem","description":"TimeCamp","potentialAction":[{"@type":"SearchAction","target":{"@type":"EntryPoint","urlTemplate":"https:\/\/www.timecamp.com\/pl\/blog\/?s={search_term_string}"},"query-input":{"@type":"PropertyValueSpecification","valueRequired":true,"valueName":"search_term_string"}}],"inLanguage":"pl-PL"},{"@type":"Person","@id":"https:\/\/www.timecamp.com\/pl\/blog\/#\/schema\/person\/885116ec83194d0a30ca75926bed0f82","name":"Ola Rybacka","image":{"@type":"ImageObject","inLanguage":"pl-PL","@id":"https:\/\/www.timecamp.com\/pl\/blog\/#\/schema\/person\/image\/","url":"https:\/\/secure.gravatar.com\/avatar\/a55bc496bb3430306d4e86473315e6b277b8d71806c72ec1442d64040b15a8a0?s=96&d=mm&r=g","contentUrl":"https:\/\/secure.gravatar.com\/avatar\/a55bc496bb3430306d4e86473315e6b277b8d71806c72ec1442d64040b15a8a0?s=96&d=mm&r=g","caption":"Ola Rybacka"},"description":"Product Marketer i Content Specialist w TimeCamp. Pracuje zdalnie od ponad dziesi\u0119ciu lat i wie, jak nie zwariowa\u0107, gdy dom jest jednocze\u015bnie miejscem pracy i odpoczynku. Zna TimeCamp od podszewki, co wida\u0107 w artyku\u0142ach i filmach, gdzie przek\u0142ada techniczny \u017cargon na co\u015b bardziej reader-friendly. A po pracy? Manga, anime i kucie do egzaminu JLPT.","url":"https:\/\/www.timecamp.com\/pl\/blog\/author\/o-rybacka\/"}]}},"_links":{"self":[{"href":"https:\/\/www.timecamp.com\/pl\/blog\/wp-json\/wp\/v2\/posts\/7365","targetHints":{"allow":["GET"]}}],"collection":[{"href":"https:\/\/www.timecamp.com\/pl\/blog\/wp-json\/wp\/v2\/posts"}],"about":[{"href":"https:\/\/www.timecamp.com\/pl\/blog\/wp-json\/wp\/v2\/types\/post"}],"author":[{"embeddable":true,"href":"https:\/\/www.timecamp.com\/pl\/blog\/wp-json\/wp\/v2\/users\/3"}],"replies":[{"embeddable":true,"href":"https:\/\/www.timecamp.com\/pl\/blog\/wp-json\/wp\/v2\/comments?post=7365"}],"version-history":[{"count":8,"href":"https:\/\/www.timecamp.com\/pl\/blog\/wp-json\/wp\/v2\/posts\/7365\/revisions"}],"predecessor-version":[{"id":8749,"href":"https:\/\/www.timecamp.com\/pl\/blog\/wp-json\/wp\/v2\/posts\/7365\/revisions\/8749"}],"wp:featuredmedia":[{"embeddable":true,"href":"https:\/\/www.timecamp.com\/pl\/blog\/wp-json\/wp\/v2\/media\/7368"}],"wp:attachment":[{"href":"https:\/\/www.timecamp.com\/pl\/blog\/wp-json\/wp\/v2\/media?parent=7365"}],"wp:term":[{"taxonomy":"category","embeddable":true,"href":"https:\/\/www.timecamp.com\/pl\/blog\/wp-json\/wp\/v2\/categories?post=7365"},{"taxonomy":"post_tag","embeddable":true,"href":"https:\/\/www.timecamp.com\/pl\/blog\/wp-json\/wp\/v2\/tags?post=7365"}],"curies":[{"name":"wp","href":"https:\/\/api.w.org\/{rel}","templated":true}]}}